{"id":21367,"date":"2024-04-08T08:39:35","date_gmt":"2024-04-08T06:39:35","guid":{"rendered":"https:\/\/www.ombudsman.hr\/hr\/?p=18651"},"modified":"2024-04-08T10:26:27","modified_gmt":"2024-04-08T08:26:27","slug":"svjetski-dan-roma-2024","status":"publish","type":"post","link":"https:\/\/www.ombudsman.hr\/hr\/svjetski-dan-roma-2024\/","title":{"rendered":"Svjetski dan Roma 2024."},"content":{"rendered":"<p>U spomen na dan kada je 1971. godine u Londonu odr\u017ean prvi Svjetski kongres Roma, 8. travnja obilje\u017eava se Svjetski dan Roma. Svjetski dan Roma je dan posve\u0107en romskoj kulturi, povijesti i tradiciji, ali jest i prilika da se istaknu i problemi s kojima se brojni pripadnici romske nacionalne manjine suo\u010davaju u svakodnevnom \u017eivotu &#8211; ponajvi\u0161e izlo\u017eenost diskriminaciji, negativnim stereotipima, dru\u0161tvenoj isklju\u010denosti i stigmatizaciji.<\/p>\n<p><a href=\"https:\/\/www.ombudsman.hr\/hr\/download\/istrazivanje-o-stavovima-i-razini-svijesti-o-diskriminaciji-i-pojavnim-oblicima-diskriminacije-2022\/?wpdmdl=15351&#038;refresh=63e0c6603768c1675675232\">Istra\u017eivanje pu\u010dke pravobraniteljice<\/a> pokazalo je da su upravo Romi od strane gra\u0111ana percipirani kao najdiskriminiranija dru\u0161tvena skupina u na\u0161oj zemlji. Ohrabruje stoga da je Vlada Republike Hrvatske u listopadu 2023. donijela Akcijski plan za razdoblje 2023.-2025. za provedbu Nacionalnog plana za uklju\u010divanje Roma.<\/p>\n<p>Me\u0111utim, problema je i dalje mnogo. Posebno zabrinjavaju ra\u0161irena diskriminacija, prostorna i dru\u0161tvena izolacija i nepovoljni materijalni uvjeti \u017eivota. Pri tome polovicu Roma u Hrvatskoj \u010dine djeca, a dvije tre\u0107ine djeca i mladi do 29 godina.<\/p>\n<p>Pozitivno je \u0161to je smanjen udio mladih Roma koji se ne obrazuju, ne rade ili ne usavr\u0161avaju, i to sa 63,3% na 49%, no segregacija u obrazovanju i dalje je problem. To je posebno izra\u017eeno u Me\u0111imurju, gdje gotovo polovica romske djece (45%) poha\u0111a razrede u kojima su ve\u0107ina ili svi u\u010denici Romi. Na\u017ealost, romska djeca i dalje u velikom broju napu\u0161taju osnovno\u0161kolsko obrazovanje prije nego ga zavr\u0161e, a zna\u010dajno manje sudjeluju i u izvan\u0161kolskim aktivnostima, \u010desto zbog nedostatka prijevoza.<\/p>\n<p>Zbog toga je pu\u010dka pravobraniteljica upozorila da je potrebno hitno poduzeti sveobuhvatne mjere koje \u0107e u najkra\u0107em mogu\u0107em razdoblju u potpunosti ukinuti segregirane razrede i omogu\u0107iti romskoj djeci jednakost u obrazovanju. Pravobraniteljica je nadle\u017enom Ministarstvu znanosti i obrazovanja ve\u0107 u dva ranija Izvje\u0161\u0107a preporu\u010dila izradu analize o segregaciji romskih u\u010denika, kao i akcijskog plana desegregacije romske djece u osnovnim \u0161kolama, a preporuku vezanu za izradu plana desegregacije u obrazovanju koji \u0107e se provoditi u svim \u0161kolama u kojima postoje segregirani razredi u Izvje\u0161\u0107u za 2023. dala je Vladi Republike Hrvatske.<\/p>\n<p>Iako je postignut zna\u010dajan napredak u podru\u010dju zapo\u0161ljavanja Roma, i to s 18,3% na 41%, problem je \u0161to se pozitivni trendovi uglavnom odnose na Rome, a ne toliko i na Romkinje pa se jaz koji se odnosi na zaposlenost izme\u0111u njih gotovo udvostru\u010dio, s 21,4% na 40% zbog \u010dega su potrebni i dodatni napori vezano za zapo\u0161ljavanje Romkinja.<\/p>\n<p>I u podru\u010dju stanovanja Romi se suo\u010davaju s problemima pa su uvjeti \u017eivota u romskim naseljima \u010desto neadekvatni za omogu\u0107avanje dostojanstvenog \u017eivota, a u nekim slu\u010dajevima potrebno je i osiguravanje dugoro\u010dnog primjerenog smje\u0161taja, primjerice, za romske obitelji iseljene sa zagreba\u010dkih Struga ili one koje \u017eive na Vrtnom putu \u0161to pu\u010dka pravobraniteljica nastavlja pratiti.<\/p>\n<p>Vi\u0161e o stanju ljudskih prava, odnosno jednakosti Roma u Hrvatskoj mo\u017eete doznati u\u00a0<a href=\"https:\/\/www.ombudsman.hr\/hr\/download\/izvjesce_pucke_pravobraniteljice_za_2023_godinu\/?wpdmdl=18399&#038;refresh=6606ba1ca73541711716892#page=148\">Izvje\u0161\u0107u pu\u010dke pravobraniteljice za 2023.<\/a>, a Istra\u017eivanje pu\u010dke pravobraniteljice o stavovima i razini svijesti o diskriminaciji i pojavnim oblicima diskriminacije mo\u017eete prona\u0107i\u00a0<a href=\"https:\/\/www.ombudsman.hr\/hr\/download\/istrazivanje-o-stavovima-i-razini-svijesti-o-diskriminaciji-i-pojavnim-oblicima-diskriminacije-2022\/?wpdmdl=15351&#038;refresh=63e0c6603768c1675675232\">ovdje.<\/a><\/p>\n","protected":false},"excerpt":{"rendered":"<p>U spomen na dan kada je 1971. godine u Londonu odr\u017ean prvi Svjetski kongres Roma, 8. travnja obilje\u017eava se Svjetski dan Roma. Svjetski dan Roma je dan posve\u0107en romskoj kulturi, povijesti i tradiciji, ali jest i prilika da se istaknu i problemi s kojima se brojni pripadnici romske nacionalne manjine suo\u010davaju u svakodnevnom \u017eivotu &#8211; [&hellip;]<\/p>\n","protected":false},"author":9,"featured_media":15547,"comment_status":"closed","ping_status":"closed","sticky":false,"template":"","format":"standard","meta":{"footnotes":""},"categories":[2090],"tags":[572,629,1932],"class_list":["post-21367","post","type-post","status-publish","format-standard","has-post-thumbnail","hentry","category-novosti","tag-romska-manjina","tag-suzbijanje-diskriminacije","tag-romi"],"_links":{"self":[{"href":"https:\/\/www.ombudsman.hr\/hr\/wp-json\/wp\/v2\/posts\/21367","targetHints":{"allow":["GET"]}}],"collection":[{"href":"https:\/\/www.ombudsman.hr\/hr\/wp-json\/wp\/v2\/posts"}],"about":[{"href":"https:\/\/www.ombudsman.hr\/hr\/wp-json\/wp\/v2\/types\/post"}],"author":[{"embeddable":true,"href":"https:\/\/www.ombudsman.hr\/hr\/wp-json\/wp\/v2\/users\/9"}],"replies":[{"embeddable":true,"href":"https:\/\/www.ombudsman.hr\/hr\/wp-json\/wp\/v2\/comments?post=21367"}],"version-history":[{"count":0,"href":"https:\/\/www.ombudsman.hr\/hr\/wp-json\/wp\/v2\/posts\/21367\/revisions"}],"wp:featuredmedia":[{"embeddable":true,"href":"https:\/\/www.ombudsman.hr\/hr\/wp-json\/wp\/v2\/media\/15547"}],"wp:attachment":[{"href":"https:\/\/www.ombudsman.hr\/hr\/wp-json\/wp\/v2\/media?parent=21367"}],"wp:term":[{"taxonomy":"category","embeddable":true,"href":"https:\/\/www.ombudsman.hr\/hr\/wp-json\/wp\/v2\/categories?post=21367"},{"taxonomy":"post_tag","embeddable":true,"href":"https:\/\/www.ombudsman.hr\/hr\/wp-json\/wp\/v2\/tags?post=21367"}],"curies":[{"name":"wp","href":"https:\/\/api.w.org\/{rel}","templated":true}]}}