{"id":21328,"date":"2024-03-22T18:09:09","date_gmt":"2024-03-22T16:09:09","guid":{"rendered":"https:\/\/www.ombudsman.hr\/hr\/?p=18385"},"modified":"2025-09-10T11:11:42","modified_gmt":"2025-09-10T09:11:42","slug":"vaznost-i-utjecaj-politickog-govora-u-predizborno-vrijeme","status":"publish","type":"post","link":"https:\/\/www.ombudsman.hr\/hr\/vaznost-i-utjecaj-politickog-govora-u-predizborno-vrijeme\/","title":{"rendered":"Va\u017enost i utjecaj politi\u010dkog govora u predizborno vrijeme"},"content":{"rendered":"<p>U ovo predizborno vrijeme i uo\u010di slu\u017ebenog po\u010detka izborne promid\u017ebe, prve od tri koje nas o\u010dekuju ove godine, kao \u010delnica nacionalne institucije za za\u0161titu ljudskih prava i sredi\u0161njeg tijela nadle\u017enog za suzbijanje diskriminacije, pu\u010dka pravobraniteljica podsje\u0107a na va\u017enost politi\u010dkog govora u ovom razdoblju i utjecaj koji on mo\u017ee imati na ljudska prava, jednakost i vladavinu prava u Republici Hrvatskoj.<\/p>\n<p>Vrijeme izbora specifi\u010dno je razdoblje, obilje\u017eeno politi\u010dkim sukobljavanjem i jo\u0161 intenzivnijim nego ina\u010de politi\u010dkim govorom koji ima za cilj privla\u010denje bira\u010da. No, mo\u017ee proizvesti i druge kratkoro\u010dne, ali i dugoro\u010dne u\u010dinke na gra\u0111ane.<\/p>\n<p>Sloboda izra\u017eavanja jedno je od temeljnih ljudskih prava, za\u0161ti\u0107ena Ustavom RH i Europskom konvencijom za za\u0161titu ljudskih prava i temeljnih sloboda. Mogu\u0107nost slobodnog izra\u017eavanja razli\u010ditih ideja i stavova klju\u010dna je za demokraciju te je stoga od iznimne va\u017enosti upravo \u00a0u vrijeme izbora.<\/p>\n<p>Sloboda izra\u017eavanja pri tome nije apsolutna i mo\u017ee se ograni\u010diti, no isklju\u010divo uz po\u0161tivanje jamstava pravi\u010dnog postupka i na\u010dela razmjernosti, sukladno Ustavu i Europskoj konvenciji za za\u0161titu ljudskih prava i temeljnih sloboda.<\/p>\n<p>Kroz godine je, na\u017ealost, oblikovana politi\u010dka komunikacija koja uklju\u010duje i razli\u010dite poruke netrpeljivosti, uvredljive i omalova\u017eavaju\u0107e izjave, kao i one koje podrivaju vladavinu prava.<\/p>\n<p>Posebno je opasno kada takve poruke koriste politi\u010dari jer njihove rije\u010di sti\u017eu do velikog broja gra\u0111ana te se ovakva retorika br\u017ee \u0161iri. Njihove rije\u010di mogu djelovati kao \u201eba\u010dena \u0161ibica\u201c koja dalje rasplamsava netrpeljivost prema razli\u010ditim skupinama, osobito na dru\u0161tvenim mre\u017eama i u komentarima na portalima.<\/p>\n<p>Tako govor politi\u010dara mo\u017ee \u0161iriti i poticati predrasude i stereotipe, dovesti do diskriminacije, govora mr\u017enje, pa i zlo\u010dina iz mr\u017enje, kao i nagrizati vladavinu prava.<\/p>\n<p>U nadolaze\u0107em razdoblju ulogu u pogledu postupanja i poruka politi\u010dara imat \u0107e Eti\u010dko povjerenstvo Dr\u017eavnog izbornog povjerenstva.<\/p>\n<p>U skladu s Ustavom i zakonima definiranom ulogom, kao neovisna i nepristrana institucija, u razdoblju od raspisivanja izbora do njihovog odr\u017eavanja pu\u010dka pravobraniteljica ne komentira pojedina\u010dne izjave politi\u010dara i ne sudjeluje u debatama koje su dio politi\u010dke utakmice. Pri tom, ovo se ne odnosi na ekstremne slu\u010dajeve zloupotrebe politi\u010dkog govora, odnosno situacije u kojima bi se moglo raditi o kaznenom djelu govora mr\u017enje.<\/p>\n<p>Pu\u010dka pravobraniteljica ovim putem poziva politi\u010dke stranke i politi\u010dare da svojim objavama i izjavama ne \u0161ire netrpeljivost prilikom rasprava o klju\u010dnim problemima gra\u0111ana i izazovima s kojima se dru\u0161tvo suo\u010dava. Podsje\u0107a i da kad izbori pro\u0111u, retorika ostaje i nastavlja se u javnosti, pa time i dalje ugro\u017eava ljudska prava, jednakost i vladavinu prava. Zato, iako u ovom razdoblju ima za cilj privla\u010denje bira\u010da, u\u010dinci takve retorike su puno \u0161iri i dugotrajniji.<\/p>\n<p>Dodatno, pravobraniteljica poziva medije, kao i stru\u010dnjake koji \u0107e u javnosti analizirati predizbornu kampanju da kriti\u010dki obra\u0111uju primjere govora netrpeljivosti.<\/p>\n<p>Kona\u010dno, za ovu temu korisne su i preporuke me\u0111unarodnih tijela i organizacija koje se odnose na komunikaciju politi\u010dara:<\/p>\n<ul>\n<li><a href=\"https:\/\/rm.coe.int\/ecri-general-policy-recommendation-no-15-on-combating-hate-speech\/16808b5b01\">Op\u0107a preporuka broj 15.<\/a> Europske komisije protiv rasizma i netolerancije (ECRI) Vije\u0107a Europe o govoru mr\u017enje<\/li>\n<li><a href=\"https:\/\/pace.coe.int\/en\/files\/33327\/html\">Rezolucija<\/a> Parlamentarne skup\u0161tine Vije\u0107a Europe o temi migracija i azila u predizbornim kampanjama i utjecaju na dobrodo\u0161licu i prava migranata<\/li>\n<li><a href=\"https:\/\/equineteurope.org\/wp-content\/uploads\/2019\/05\/equinet_preporuke_hr_-_croatia.pdf\">Preporuke<\/a> za suzbijanje diskriminacije i govora mr\u017enje u predizbornim kampanjama Europske mre\u017ea tijela za jednakost (Equinet)<\/li>\n<li><a href=\"https:\/\/rm.coe.int\/toolkit-on-hate-speech-during-electoral-processes-web-eng\/1680aa1ee1\">Publikacija<\/a> Vije\u0107a Europe o suzbijanju govora mr\u017enje za vrijeme izbora<\/li>\n<\/ul>\n<p>&nbsp;<\/p>\n<p>&nbsp;<\/p>\n","protected":false},"excerpt":{"rendered":"<p>U ovo predizborno vrijeme i uo\u010di slu\u017ebenog po\u010detka izborne promid\u017ebe, prve od tri koje nas o\u010dekuju ove godine, kao \u010delnica nacionalne institucije za za\u0161titu ljudskih prava i sredi\u0161njeg tijela nadle\u017enog za suzbijanje diskriminacije, pu\u010dka pravobraniteljica podsje\u0107a na va\u017enost politi\u010dkog govora u ovom razdoblju i utjecaj koji on mo\u017ee imati na ljudska prava, jednakost i vladavinu [&hellip;]<\/p>\n","protected":false},"author":3,"featured_media":20888,"comment_status":"closed","ping_status":"closed","sticky":false,"template":"","format":"standard","meta":{"footnotes":""},"categories":[2090],"tags":[2079,1844,2009],"class_list":["post-21328","post","type-post","status-publish","format-standard","has-post-thumbnail","hentry","category-novosti","tag-korisne-informacije","tag-sloboda-izrazavanja","tag-vladavina-prava"],"_links":{"self":[{"href":"https:\/\/www.ombudsman.hr\/hr\/wp-json\/wp\/v2\/posts\/21328","targetHints":{"allow":["GET"]}}],"collection":[{"href":"https:\/\/www.ombudsman.hr\/hr\/wp-json\/wp\/v2\/posts"}],"about":[{"href":"https:\/\/www.ombudsman.hr\/hr\/wp-json\/wp\/v2\/types\/post"}],"author":[{"embeddable":true,"href":"https:\/\/www.ombudsman.hr\/hr\/wp-json\/wp\/v2\/users\/3"}],"replies":[{"embeddable":true,"href":"https:\/\/www.ombudsman.hr\/hr\/wp-json\/wp\/v2\/comments?post=21328"}],"version-history":[{"count":1,"href":"https:\/\/www.ombudsman.hr\/hr\/wp-json\/wp\/v2\/posts\/21328\/revisions"}],"predecessor-version":[{"id":22073,"href":"https:\/\/www.ombudsman.hr\/hr\/wp-json\/wp\/v2\/posts\/21328\/revisions\/22073"}],"wp:featuredmedia":[{"embeddable":true,"href":"https:\/\/www.ombudsman.hr\/hr\/wp-json\/wp\/v2\/media\/20888"}],"wp:attachment":[{"href":"https:\/\/www.ombudsman.hr\/hr\/wp-json\/wp\/v2\/media?parent=21328"}],"wp:term":[{"taxonomy":"category","embeddable":true,"href":"https:\/\/www.ombudsman.hr\/hr\/wp-json\/wp\/v2\/categories?post=21328"},{"taxonomy":"post_tag","embeddable":true,"href":"https:\/\/www.ombudsman.hr\/hr\/wp-json\/wp\/v2\/tags?post=21328"}],"curies":[{"name":"wp","href":"https:\/\/api.w.org\/{rel}","templated":true}]}}