{"id":21318,"date":"2024-02-29T17:34:53","date_gmt":"2024-02-29T15:34:53","guid":{"rendered":"https:\/\/www.ombudsman.hr\/hr\/?p=18355"},"modified":"2025-09-10T11:26:04","modified_gmt":"2025-09-10T09:26:04","slug":"18355-2","status":"publish","type":"post","link":"https:\/\/www.ombudsman.hr\/hr\/18355-2\/","title":{"rendered":"Dan nulte tolerancije na diskriminaciju \u2013 naj\u010de\u0161\u0107i mitovi o diskriminaciji"},"content":{"rendered":"<p>Diskriminacija je jedna od ve\u0107ih prepreka na koje se mo\u017ee nai\u0107i na putu prema ostvarivanju prava i ostvarivanju svog punog potencijala. Zato je jednakost i jedna od temeljnih vrednota Ustava Republike Hrvatske i jedna od temeljnih vrijednosti Europske unije.<\/p>\n<p>Upravo kako bi se promicala jednakost svake osobe u pravima i dostojanstvu, bez obzira na osobne karakteristike, diljem svijeta se 1. o\u017eujka svake godine obilje\u017eava Dan nulte tolerancije na diskriminaciju.<\/p>\n<p>Kako bismo doprinijeli obilje\u017eavanju ovog dana i podizanju svijesti o diskriminaciji, donosimo pregled naj\u010de\u0161\u0107ih mitova na ovu temu, s kojima se susre\u0107emo kao sredi\u0161nje tijelo za suzbijanje diskriminacije u Hrvatskoj.<\/p>\n<h3><\/h3>\n<h3><strong>Mit: Svaka nepravda je diskriminacija<\/strong><\/h3>\n<p>\u010cesto se u javnosti razli\u010dite nepravde i nepravedne situacije naziva i diskriminacijom, no ta dva pojma ne idu uvijek jedan uz drugoga. Odnosno, svaka diskriminacija jest nepravedna, no nije svaka nepravda ujedno i diskriminacija.<\/p>\n<p>Odgovor na pitanje \u0161to je diskriminacija daje <a href=\"https:\/\/www.ombudsman.hr\/wp-content\/uploads\/2020\/05\/Zakon-o-suzbijanju-diskriminacije-NN-8508-11212-.pdf\">Zakon o suzbijanju diskriminacije<\/a>. Najjednostavnije re\u010deno, diskriminacija je postupanje kojim se osoba stavlja <strong>u nepovoljniji polo\u017eaj<\/strong> od druge osobe <strong>u usporedivoj situaciji<\/strong>, temeljem <strong>jedne ili vi\u0161e diskriminacijskih osnova<\/strong> navedenih u Zakonu (izravna diskriminacija).<\/p>\n<p>Diskriminacijskih osnova je <strong>ukupno 17<\/strong>, a to su: <strong>rasa<\/strong> ili <strong>etni\u010dka pripadnost<\/strong> ili <strong>boja ko\u017ee<\/strong>; <strong>spol<\/strong>; <strong>jezik<\/strong>; <strong>dob<\/strong>; <strong>politi\u010dko<\/strong> ili <strong>drugo uvjerenje<\/strong>; <strong>imovno stanje<\/strong>; <strong>obrazovanje<\/strong>; <strong>nacionalno<\/strong> ili <strong>socijalno podrijetlo; \u010dlanstvo u sindikatu<\/strong>; <strong>invaliditet<\/strong>; <strong>dru\u0161tveni polo\u017eaj<\/strong>; <strong>bra\u010dni<\/strong> ili <strong>obiteljski status<\/strong>; <strong>zdravstveno stanje<\/strong>; <strong>genetsko naslje\u0111e<\/strong>; <strong>vjera<\/strong>; <strong>rodni identitet<\/strong> i <strong>izra\u017eavanje<\/strong>; te <strong>spolna orijentacija.<\/strong><\/p>\n<p><strong>Primjerice, diskriminacija je izbjegavanje zapo\u0161ljavanja Roma<\/strong> zbog njegove etni\u010dke pripadnosti, ili <strong>davanje otkaza radniku<\/strong> zbog u\u010dlanjenja u sindikat ili odre\u0111enu politi\u010dku stranku. No, kada, primjerice, stanodavac tra\u017ei isklju\u010divo podstanare bez ku\u0107nih ljubimaca,<strong> ne radi se o diskriminaciji <\/strong>kako ju definira Zakon <strong>jer to nije jedna od propisanih osnova.<\/strong><\/p>\n<p>Diskriminacija je i:<\/p>\n<ul>\n<li>kada neka odredba, kriterij ili praksa stavlja osobe u nepovoljniji polo\u017eaj zbog neke od diskriminacijskih osnova, osim ako se to mo\u017ee opravdati sukladno zakonu (neizravna diskriminacija);<\/li>\n<li>uznemiravanje, odnosno ne\u017eeljeno pona\u0161anje koje je povreda dostojanstva osobe i uzrokuje strah, neprijateljsko, poni\u017eavaju\u0107e ili uvredljivo okru\u017eenje temeljem neke osnove;<\/li>\n<li>spolno uznemiravanje, odnosno verbalno, neverbalno ili tjelesno ne\u017eeljeno pona\u0161anje spolne naravi;<\/li>\n<li>poticanje na diskriminaciju;<\/li>\n<li>propu\u0161tanje razumne prilagodbe za osobe s invaliditetom;<\/li>\n<li>segregacija, odnosno prisilno i sustavno razdvajanje po nekoj od diskriminacijskih osnova.<\/li>\n<\/ul>\n<h3><\/h3>\n<h3><strong>Mit: Diskriminacija nije zakonom zabranjena, to je stvar svjetonazora <\/strong><\/h3>\n<p>Neto\u010dno, diskriminacija je <strong>zabranjena<\/strong> <a href=\"https:\/\/www.ombudsman.hr\/wp-content\/uploads\/2020\/05\/Zakon-o-suzbijanju-diskriminacije-NN-8508-11212-.pdf\">Zakonom o suzbijanju diskriminacije<\/a> koji je na snazi od 2008. godine. Uz to, ona je zabranjena i<strong> Ustavom RH<\/strong>, kao i <strong>europskim <\/strong>i<strong> me\u0111unarodnim<\/strong> <strong>pravom<\/strong>.<\/p>\n<h3><strong>Mit: Samo dr\u017eava i javni sektor mogu diskriminirati, privatnici mogu birati koga ne \u017eele zaposliti ili poslu\u017eiti<\/strong><\/h3>\n<p>Ne. Iako mnogi misle da diskriminirati mogu samo tijela javne vlasti, a ne i primjerice, mediji, privatne tvrtke ili pojedinci, to nije to\u010dno. Svi navedeni mogu odgovarati zbog diskriminacije.<\/p>\n<p>S druge strane, istra\u017eivanja pokazuju da naj\u010de\u0161\u0107e diskriminiraju upravo <strong>dr\u017eavna tijela<\/strong> (ministarstva, dr\u017eavne agencije\u2026), <strong>tijela jedinica lokalne i podru\u010dne samouprave<\/strong> (op\u0107ine, gradovi, \u017eupanije\u2026), zatim <strong>pravne osobe s javnim ovlastima<\/strong> (bolnice, \u0161kole, Hrvatski zavod za zdravstveno osiguranje, Hrvatski zavod za mirovinsko osiguranje\u2026), ali to mogu \u010diniti i <strong>sve ostale pravne osobe<\/strong> (privatne tvrtke), kao i <strong>sve fizi\u010dke osobe<\/strong>, odnosno pojedinci.<\/p>\n<p>Dakle, svaka osoba mo\u017ee biti diskriminirana, ali <strong>svatko mo\u017ee <\/strong>i<strong> diskriminirati druge<\/strong>.<\/p>\n<h3><\/h3>\n<h3><strong>Mit: Privatni poslodavci imaju potpuno pravo birati koga \u0107e zaposliti<\/strong><\/h3>\n<p>Ovo nije u potpunosti to\u010dno. Naime, bez obzira radilo se o privatnoj tvrtki u vlasni\u0161tvu fizi\u010dke osobe, zakonska zabrana diskriminacije odnosi se i na privatni sektor i na svakog pojedinca.<\/p>\n<p>To zna\u010di da poslodavci <strong>ne smiju birati odnosno ne birati radnike prema osobnim karakteristikama<\/strong> koje su u Zakonu o suzbijanju diskriminacije navedene kao osnove diskriminacije (rasa ili etni\u010dka pripadnost ili boja ko\u017ee; spol; jezik; dob; politi\u010dko ili drugo uvjerenje; imovno stanje; obrazovanje; nacionalno ili socijalno podrijetlo; \u010dlanstvo u sindikatu; invaliditet; dru\u0161tveni polo\u017eaj; bra\u010dni ili obiteljski status; zdravstveno stanje; genetsko naslje\u0111e; vjera; rodni identitet i izra\u017eavanje; te spolna orijentacija).<\/p>\n<p><strong>Primjeri<\/strong> diskriminacije u tim slu\u010dajevima su poslodavac koji je pogrdnim i uvredljivim porukama izjavio da ne \u017eeli radnike odre\u0111ene boje ko\u017ee, etni\u010dke pripadnosti ili nacionalnog podrijetla ili koji tra\u017ei da radnik ima vlastito ra\u010dunalo na kojem mo\u017ee obavljati poslove za njega (imovno stanje) ili koji ne \u017eeli zaposliti kandidata odre\u0111ene vjere .<\/p>\n<p>Dakle, jedini zakoniti kriterij kojim se poslodavac mo\u017ee voditi kod zapo\u0161ljavanja je \u010dinjenica imaju li kandidati tra\u017eena znanja i vje\u0161tine za radno mjesto &#8211; ne i njihova boja ko\u017ee, vjera, spol ili neka druga osnova iz Zakona o suzbijanju diskriminacije.<\/p>\n<p><strong>\u00a0<\/strong><\/p>\n<p>Najnoviji podaci o stanju vezano za diskriminaciju u Hrvatskoj uz poseban osvrt na diskriminaciju pri zapo\u0161ljavanju i radu, diskriminaciju temeljem dobi, obrazovanja, imovnog stanja, rasnog ili etni\u010dkog podrijetla te vjere, bit \u0107e uskoro dostupni u Izvje\u0161\u0107u pu\u010dke pravobraniteljice za 2023. koje je u pripremi. Ono donosi i pregled relevantne sudske prakse u predmetima vezanim uz diskriminaciju te najnovije statisti\u010dke podatke, uz preporuke pu\u010dke pravobraniteljice za njezino suzbijanje.<\/p>\n<p>Istra\u017eivanje pu\u010dke pravobraniteljice o stavovima i razini svijesti o diskriminaciji i pojavnim oblicima diskriminacije mo\u017eete prona\u0107i <a href=\"https:\/\/www.ombudsman.hr\/hr\/download\/istrazivanje-o-stavovima-i-razini-svijesti-o-diskriminaciji-i-pojavnim-oblicima-diskriminacije-2022\/?wpdmdl=15351&#038;refresh=63e0c6603768c1675675232\">ovdje<\/a>, a Vodi\u010d za prepoznavanje diskriminacije <a href=\"https:\/\/www.ombudsman.hr\/wp-content\/uploads\/2025\/02\/Vodic-za-prepoznavanje-diskriminacije-2025.pdf\">ovdje<\/a>.<\/p>\n<p>Ukoliko smatrate da ste i sami diskriminirani mo\u017eete se pritu\u017ebom obratiti pu\u010dkoj pravobraniteljici, a kako to u\u010diniti mo\u017eete saznati <a href=\"https:\/\/www.ombudsman.hr\/hr\/kako-podnijeti-prituzbu\/\">ovdje<\/a>.<\/p>\n","protected":false},"excerpt":{"rendered":"<p>Diskriminacija je jedna od ve\u0107ih prepreka na koje se mo\u017ee nai\u0107i na putu prema ostvarivanju prava i ostvarivanju svog punog potencijala. Zato je jednakost i jedna od temeljnih vrednota Ustava Republike Hrvatske i jedna od temeljnih vrijednosti Europske unije. Upravo kako bi se promicala jednakost svake osobe u pravima i dostojanstvu, bez obzira na osobne [&hellip;]<\/p>\n","protected":false},"author":9,"featured_media":20884,"comment_status":"closed","ping_status":"closed","sticky":false,"template":"","format":"standard","meta":{"footnotes":""},"categories":[2090],"tags":[629,2079],"class_list":["post-21318","post","type-post","status-publish","format-standard","has-post-thumbnail","hentry","category-novosti","tag-suzbijanje-diskriminacije","tag-korisne-informacije"],"_links":{"self":[{"href":"https:\/\/www.ombudsman.hr\/hr\/wp-json\/wp\/v2\/posts\/21318","targetHints":{"allow":["GET"]}}],"collection":[{"href":"https:\/\/www.ombudsman.hr\/hr\/wp-json\/wp\/v2\/posts"}],"about":[{"href":"https:\/\/www.ombudsman.hr\/hr\/wp-json\/wp\/v2\/types\/post"}],"author":[{"embeddable":true,"href":"https:\/\/www.ombudsman.hr\/hr\/wp-json\/wp\/v2\/users\/9"}],"replies":[{"embeddable":true,"href":"https:\/\/www.ombudsman.hr\/hr\/wp-json\/wp\/v2\/comments?post=21318"}],"version-history":[{"count":2,"href":"https:\/\/www.ombudsman.hr\/hr\/wp-json\/wp\/v2\/posts\/21318\/revisions"}],"predecessor-version":[{"id":22077,"href":"https:\/\/www.ombudsman.hr\/hr\/wp-json\/wp\/v2\/posts\/21318\/revisions\/22077"}],"wp:featuredmedia":[{"embeddable":true,"href":"https:\/\/www.ombudsman.hr\/hr\/wp-json\/wp\/v2\/media\/20884"}],"wp:attachment":[{"href":"https:\/\/www.ombudsman.hr\/hr\/wp-json\/wp\/v2\/media?parent=21318"}],"wp:term":[{"taxonomy":"category","embeddable":true,"href":"https:\/\/www.ombudsman.hr\/hr\/wp-json\/wp\/v2\/categories?post=21318"},{"taxonomy":"post_tag","embeddable":true,"href":"https:\/\/www.ombudsman.hr\/hr\/wp-json\/wp\/v2\/tags?post=21318"}],"curies":[{"name":"wp","href":"https:\/\/api.w.org\/{rel}","templated":true}]}}