{"id":2081,"date":"2018-05-22T05:52:24","date_gmt":"2018-05-22T05:52:24","guid":{"rendered":"http:\/\/site.ombudsman.hr\/?p=2081"},"modified":"2020-05-04T13:28:19","modified_gmt":"2020-05-04T11:28:19","slug":"medunarodna-konferencija-umrezeni-protiv-siromastva","status":"publish","type":"post","link":"https:\/\/www.ombudsman.hr\/hr\/medunarodna-konferencija-umrezeni-protiv-siromastva\/","title":{"rendered":"Me\u0111unarodna konferencija \u201eUmre\u017eeni protiv siroma\u0161tva\u201c"},"content":{"rendered":"<p>Suzbijanje siroma\u0161tva u Hrvatskoj bila je tema me\u0111unarodne konferencije \u201eUmre\u017eeni protiv siroma\u0161tva\u201c, koju je od 17. do 19. svibnja 2018. u Splitu organizirala Udruga \u201eMost\u201c, pod pokroviteljstvom Ministarstva za demografiju, obitelj, mlade i socijalnu politiku, Hrvatske mre\u017ee za besku\u0107nike i Grada Splita.<\/p>\n<p>Drugog dana konferencije, u dijelu o strategijama borbe protiv siroma\u0161tva, zamjenica pu\u010dke pravobraniteljice Lidija Lukina Kezi\u0107 istaknula je kako je potrebno pove\u0107ati izdvajanja za socijalno ugro\u017eene gra\u0111ane, s obzirom da Hrvatska izdvaja 21,4% BDP-a za sve naknade socijalne za\u0161tite, no samo 0,2% za socijalnu isklju\u010denost i stanovanje. Navela je i problem nejednakog regionalnog razvoja i nedostupnosti javnih usluga u ruralnim podru\u010djima i na otocima, te pote\u0161ko\u0107e vezane uz stanovanje, odnosno nedostatak socijalnih stanova i stanova za javni najam te stambenih zajednica za mlade iz alternativne skrbi.<\/p>\n<p><!--more--><\/p>\n<p>Zamjenica Lukina Kezi\u0107 okupljenima je navela i kako dolazi do stvaranja novih kategorija siroma\u0161nih, primjerice dugotrajno blokiranih i prezadu\u017eenih gra\u0111ana, pri \u010demu je naglasila kako je va\u017eno raditi na podizanju razine financijske pismenosti u Hrvatskoj, ali i na boljoj informiranosti gra\u0111ana o njihovim pravima.<\/p>\n<p>Tako\u0111er je istaknula problem neu\u010dinkovitosti sustava besplatne pravne pomo\u0107i, uslijed nedostatnosti financijskih sredstava i podr\u0161ke pru\u017eateljima od strane nadle\u017enih dr\u017eavnih tijela, zbog \u010dega je gra\u0111anima znatno ote\u017ean pristup besplatnoj pravnoj pomo\u0107i. Zaklju\u010dno je navela kako je potrebno pro\u0161iriti definiciju besku\u0107nika sukladno ETHOS tipologiji, \u0161to \u0107e na preporuku pravobraniteljice Ministarstvo za demografiju, obitelj, mlade i socijalnu politiku razmotriti pri izradi novog Zakona o socijalnoj skrbi.<\/p>\n<p>O dru\u0161tvenoj uvjetovanosti siroma\u0161tva govorila je prof. An\u010di Leburi\u0107 sa Filozofskog fakulteta u Splitu. Istaknula je kako, izuzev ekonomske komponente, siroma\u0161tvo karakteriziraju i op\u0107a atmosfera bezna\u0111a, vrijednosni sustav, mito i korupcija, polo\u017eaj \u017eena u dru\u0161tvu, odnos dru\u0161tva prema manjinama i sl. Kao prediktore siroma\u0161tva navela je nisko obrazovanje, nezaposlenost i niske mirovine te je naglasila kako su mjere koje se poduzimaju u cilju njihove eliminacije nedovoljne.<\/p>\n<p>Katica La\u017eeta iz Ministarstva za demografiju, obitelj, mlade i socijalnu politiku prezentirala je ciljeve Strategije borbe protiv siroma\u0161tva i socijalne isklju\u010denosti za razdoblje od 2014.-2020. te naglasila da borbu protiv siroma\u0161tva i socijalne isklju\u010denosti treba sagledati interdisciplinarno, uzimaju\u0107i u obzir obrazovanje i cjelo\u017eivotno u\u010denje kao dugoro\u010dno prioritetna podru\u010dja. Navela je da je unutar Ministarstva osnovana nova Radna skupina za izradu Programa provedbe mjera Strategije, te da se objava sljede\u0107eg izvje\u0161\u0107a o provedbi mjera Strategije o\u010dekuje po\u010detkom rujna 2018.<\/p>\n<p>Momir Karin iz Ministarstva znanosti i obrazovanja predstavio je ciljeve iz Strategije koji se odnose na obrazovanje, u kontekstu njegove dostupnosti, poticanja inkluzivnog obrazovanja, unaprje\u0111enja kvalitete obrazovnih procesa, poticanja cjelo\u017eivotnog obrazovanja i onoga o ljudskim pravima. Naveo je kako je za 2019. planirano pove\u0107anje sredstava za uklju\u010divanje pred\u0161kolske djece lo\u0161ijeg ekonomskog stanja u sustav pred\u0161kolskih ustanova.<\/p>\n<p>Na\u010delnica odjela za socijalnu za\u0161titu i osobe s invaliditetom Grada Zagreba Snje\u017eana Pu\u0161kadija pojasnila je mjere iz sustava socijalne skrbi koje provodi Grad Zagreb, poput direktne nov\u010dane pomo\u0107i, pomo\u0107i u naravi i sli\u010dno. Predstavnik Udruge \u201ePragma\u201c Nedjeljko Markovi\u0107 prezentirao je EU projekt EMIN Europske mre\u017ee protiv siroma\u0161tva, koji se bavi pitanjem osiguravanja adekvatne razine minimalnog dohotka (vi\u0161e na www.emin-eu.net). Petra Dr\u010di\u0107 iz Udruge CERANEO predstavila je trogodi\u0161nji projekt \u201eOsna\u017eivanje besku\u0107nika, podr\u0161ka stru\u010dnjacima i izgradnja inovativnih modela skrbi o besku\u0107nicima\u201c. Tako\u0111er, je istaknula problem neuskla\u0111enosti sada\u0161njeg Zakona o socijalnoj skrbi s ETHOS tipologijom, o kojoj je govorio i predstavnik Hrvatske udruge za besku\u0107nike, pri \u010demu je naglasio je potrebu njezina prihva\u0107anja i aktivniji anga\u017eman jedinica lokalne samouprave na problemima besku\u0107ni\u0161tva. Predstavnica humanitarne udruge \u201ePortal dobrote\u201c predstavila je mobilnu aplikaciju za doniranje kroz koju \u0107e biti mogu\u0107e u realnom vremenu prona\u0107i najbli\u017eu udrugu, socijalnu samoposlugu ili pu\u010dku kuhinju, a u cilju doniranja odje\u0107e, hrane ili potrep\u0161tina.<\/p>\n<p><a href=\"https:\/\/site2.ombudsman.hr\/wp-content\/uploads\/2018\/05\/images_Lidija_Split_konferencija2-1.jpg\"><img decoding=\"async\" class=\" alignleft size-full wp-image-2080\" style=\"margin-right: 10px; float: left;\" src=\"https:\/\/site2.ombudsman.hr\/wp-content\/uploads\/2018\/05\/images_Lidija_Split_konferencija2-1.jpg\" alt=\"Lidija Split konferencija2\" width=\"250\" height=\"141\" \/><\/a>U nastavku je Marija Batini\u0107 Sermek iz Ministarstva poljoprivrede navela kako su u pripremi izmjene u sustavu doniranja hrane, posebice kako bi se smanjila koli\u010dina https:\/\/stagesite.ombudsman.hr\/wp-content\/uploads\/2019\/10\/post-10.pngistrativne optere\u0107enosti uklju\u010denih. Dio rasprava bio je posve\u0107en regionalnoj suradnji vezanoj uz problematiku siroma\u0161tva, u kojem su svoja iskustva iznosili predstavnici udruga iz Srbije, Slovenije, Crne Gore i Makedonije. Govorilo se i o mladima iz alternativne skrbi, odnosno potrebi za psihosocijalnom intervencijom, programima podr\u0161ke i terapijske zajednice te su svoje primjere iznosile udruge Most, SOS Dje\u010dje selo, Centar za socijalnu skrb Split, Hrvatski zavod za zapo\u0161ljavanje Split, Dru\u0161tvo za psihosocijalnu podr\u0161ku i drugi.<\/p>\n<p>Va\u017eno je istaknuti i kako \u0107e rezultat ove me\u0111unarodne konferencije biti priprema zaklju\u010daka, koji \u0107e biti naknadno objavljeni.<\/p>\n","protected":false},"excerpt":{"rendered":"<p>Suzbijanje siroma\u0161tva u Hrvatskoj bila je tema me\u0111unarodne konferencije \u201eUmre\u017eeni protiv siroma\u0161tva\u201c, koju je od 17. do 19. svibnja 2018. u Splitu organizirala Udruga \u201eMost\u201c, pod pokroviteljstvom Ministarstva za demografiju, obitelj, mlade i socijalnu politiku, Hrvatske mre\u017ee za besku\u0107nike i Grada Splita. Drugog dana konferencije, u dijelu o strategijama borbe protiv siroma\u0161tva, zamjenica pu\u010dke pravobraniteljice [&hellip;]<\/p>\n","protected":false},"author":1,"featured_media":2077,"comment_status":"open","ping_status":"open","sticky":false,"template":"","format":"standard","meta":{"footnotes":""},"categories":[2090],"tags":[246,582,597,607,1095,1288],"class_list":["post-2081","post","type-post","status-publish","format-standard","has-post-thumbnail","hentry","category-novosti","tag-besplatna-pravna-pomoc","tag-siromastvo","tag-socijalna-skrb","tag-starije-osobe","tag-organizacije-civilnog-drustva","tag-zastita-i-promocija-ljudskih-prava"],"_links":{"self":[{"href":"https:\/\/www.ombudsman.hr\/hr\/wp-json\/wp\/v2\/posts\/2081","targetHints":{"allow":["GET"]}}],"collection":[{"href":"https:\/\/www.ombudsman.hr\/hr\/wp-json\/wp\/v2\/posts"}],"about":[{"href":"https:\/\/www.ombudsman.hr\/hr\/wp-json\/wp\/v2\/types\/post"}],"author":[{"embeddable":true,"href":"https:\/\/www.ombudsman.hr\/hr\/wp-json\/wp\/v2\/users\/1"}],"replies":[{"embeddable":true,"href":"https:\/\/www.ombudsman.hr\/hr\/wp-json\/wp\/v2\/comments?post=2081"}],"version-history":[{"count":2,"href":"https:\/\/www.ombudsman.hr\/hr\/wp-json\/wp\/v2\/posts\/2081\/revisions"}],"predecessor-version":[{"id":5759,"href":"https:\/\/www.ombudsman.hr\/hr\/wp-json\/wp\/v2\/posts\/2081\/revisions\/5759"}],"wp:featuredmedia":[{"embeddable":true,"href":"https:\/\/www.ombudsman.hr\/hr\/wp-json\/wp\/v2\/media\/2077"}],"wp:attachment":[{"href":"https:\/\/www.ombudsman.hr\/hr\/wp-json\/wp\/v2\/media?parent=2081"}],"wp:term":[{"taxonomy":"category","embeddable":true,"href":"https:\/\/www.ombudsman.hr\/hr\/wp-json\/wp\/v2\/categories?post=2081"},{"taxonomy":"post_tag","embeddable":true,"href":"https:\/\/www.ombudsman.hr\/hr\/wp-json\/wp\/v2\/tags?post=2081"}],"curies":[{"name":"wp","href":"https:\/\/api.w.org\/{rel}","templated":true}]}}