{"id":2070,"date":"2018-04-23T07:00:00","date_gmt":"2018-04-23T07:00:00","guid":{"rendered":"http:\/\/site.ombudsman.hr\/?p=2070"},"modified":"2019-05-20T13:07:46","modified_gmt":"2019-05-20T13:07:46","slug":"primanje-prituzbi-gradana-u-imotskom-sinju-visu-i-komizi","status":"publish","type":"post","link":"https:\/\/www.ombudsman.hr\/hr\/primanje-prituzbi-gradana-u-imotskom-sinju-visu-i-komizi\/","title":{"rendered":"Primanje pritu\u017ebi gra\u0111ana u Imotskom, Sinju, Visu i Komi\u017ei"},"content":{"rendered":"<p>Stanovnici Imotskog, Sinja i otoka Visa koji smatraju da su im ugro\u017eena ili prekr\u0161ena ljudska prava ili da su diskriminirani, mo\u0107i \u0107e idu\u0107eg tjedna o svojim problemima razgovarati sa savjetnicima pu\u010dke pravobraniteljice Lore Vidovi\u0107. Pritu\u017ebe gra\u0111ana savjetnici \u0107e primati u utorak, 24. travnja u Imotskom (od 13 do 16 u Gradskoj vije\u0107nici), u srijedu, 25. travnja u Sinju (od 10 do 13 u Gradskoj vije\u0107nici) te u \u010detvrtak, 26. travnja u Visu (od 9 do 11 u Kulturnom centru) i u Komi\u017ei (od 12 do 14 u galeriji &#8220;Boris Marde\u0161i\u0107&#8221;).<\/p>\n<p>Primanje gra\u0111ana tijekom terenskih obilazaka dio je aktivnosti kojima se pravobraniteljica i njezini savjetnici \u017eele detaljnije upoznati sa problemima u Splitsko-dalmatinskoj \u017eupaniji. U njoj \u0107e boraviti od 23. do 26. travnja, a razgovarat \u0107e i s udrugama i nadle\u017enim tijelima u ovim gradovima te u Splitu i op\u0107ini Lokvi\u010di\u0107i.<\/p>\n<p><!--more--><\/p>\n<p>Kako bi institucija bila dostupnija gra\u0111anima Dalmacije, pravobraniteljica Vidovi\u0107 je 2015. otvorila i Podru\u010dni ured u Splitu, kojem se od tada svake godine obra\u0107a oko 600 gra\u0111ana. U 2017. najvi\u0161e se njihovih pritu\u017ebi odnosilo na dugotrajnost sudskih postupaka, ostvarivanje prava iz socijalnog, zdravstvenog i mirovinskog osiguranja te na postupanje policije. Na ove, ali i probleme gra\u0111ana u ostalim podru\u010djima ljudskih prava te diskriminacije, pravobraniteljica je krajem o\u017eujka upozorila Hrvatski sabor u <a href=\"http:\/\/site.ombudsman.hr\/?p=1721\">Izvje\u0161\u0107u za 2017<\/a>. U njemu je dala i 231 preporuku nadle\u017enim tijelima te podsjetila kako je njihovo razmatranje i provedba jedan od na\u010dina podizanja kvalitete \u017eivota u Hrvatskoj, a time i zaustavljanju iseljavanja.<\/p>\n<p>&nbsp;<\/p>\n<p style=\"text-align: center;\"><strong>RASPORED PRIMANJA GRA\u0110ANA*<\/strong><\/p>\n<p style=\"text-align: center;\">Imotski, utorak 24. travnja 2018.<\/p>\n<p style=\"text-align: center;\">13,00 \u2013 16:00 Gradska vije\u0107nica (Ante Star\u010devi\u0107a 23)<\/p>\n<p>&nbsp;<\/p>\n<p style=\"text-align: center;\">Sinj, srijeda 25. travnja 2018.<\/p>\n<p style=\"text-align: center;\">10,00 \u2013 13,00 Gradska vije\u0107nica (Draga\u0161ev prolaz 24)<\/p>\n<p>&nbsp;<\/p>\n<p style=\"text-align: center;\">Vis, \u010detvrtak 26. travnja 2018.<\/p>\n<p style=\"text-align: center;\">9,00 \u2013 11,00 Kulturni centar (Gradska vije\u0107nica, Vi\u0161kog boja 13)<\/p>\n<p>&nbsp;<\/p>\n<p style=\"text-align: center;\">Komi\u017ea: \u010detvrtak 26. travnja 2018.<\/p>\n<p style=\"text-align: center;\">12,00 \u2013 14,00 Galerija &#8220;Boris Marde\u0161i\u0107&#8221; (Hrvatskih mu\u010denika 9)<\/p>\n<p>&nbsp;<\/p>\n<p><em><strong>*Radi za\u0161tite privatnosti gra\u0111ana, nije predvi\u0111eno medijsko pra\u0107enje ove aktivnosti<\/strong><\/em><\/p>\n","protected":false},"excerpt":{"rendered":"<p>Stanovnici Imotskog, Sinja i otoka Visa koji smatraju da su im ugro\u017eena ili prekr\u0161ena ljudska prava ili da su diskriminirani, mo\u0107i \u0107e idu\u0107eg tjedna o svojim problemima razgovarati sa savjetnicima pu\u010dke pravobraniteljice Lore Vidovi\u0107. Pritu\u017ebe gra\u0111ana savjetnici \u0107e primati u utorak, 24. travnja u Imotskom (od 13 do 16 u Gradskoj vije\u0107nici), u srijedu, 25. [&hellip;]<\/p>\n","protected":false},"author":1,"featured_media":2971,"comment_status":"open","ping_status":"open","sticky":false,"template":"","format":"standard","meta":{"footnotes":""},"categories":[2090],"tags":[573,1288],"class_list":["post-2070","post","type-post","status-publish","format-standard","has-post-thumbnail","hentry","category-novosti","tag-ruralna-podrucja","tag-zastita-i-promocija-ljudskih-prava"],"_links":{"self":[{"href":"https:\/\/www.ombudsman.hr\/hr\/wp-json\/wp\/v2\/posts\/2070","targetHints":{"allow":["GET"]}}],"collection":[{"href":"https:\/\/www.ombudsman.hr\/hr\/wp-json\/wp\/v2\/posts"}],"about":[{"href":"https:\/\/www.ombudsman.hr\/hr\/wp-json\/wp\/v2\/types\/post"}],"author":[{"embeddable":true,"href":"https:\/\/www.ombudsman.hr\/hr\/wp-json\/wp\/v2\/users\/1"}],"replies":[{"embeddable":true,"href":"https:\/\/www.ombudsman.hr\/hr\/wp-json\/wp\/v2\/comments?post=2070"}],"version-history":[{"count":2,"href":"https:\/\/www.ombudsman.hr\/hr\/wp-json\/wp\/v2\/posts\/2070\/revisions"}],"predecessor-version":[{"id":5813,"href":"https:\/\/www.ombudsman.hr\/hr\/wp-json\/wp\/v2\/posts\/2070\/revisions\/5813"}],"wp:featuredmedia":[{"embeddable":true,"href":"https:\/\/www.ombudsman.hr\/hr\/wp-json\/wp\/v2\/media\/2971"}],"wp:attachment":[{"href":"https:\/\/www.ombudsman.hr\/hr\/wp-json\/wp\/v2\/media?parent=2070"}],"wp:term":[{"taxonomy":"category","embeddable":true,"href":"https:\/\/www.ombudsman.hr\/hr\/wp-json\/wp\/v2\/categories?post=2070"},{"taxonomy":"post_tag","embeddable":true,"href":"https:\/\/www.ombudsman.hr\/hr\/wp-json\/wp\/v2\/tags?post=2070"}],"curies":[{"name":"wp","href":"https:\/\/api.w.org\/{rel}","templated":true}]}}