{"id":2068,"date":"2018-04-17T14:10:30","date_gmt":"2018-04-17T14:10:30","guid":{"rendered":"http:\/\/site.ombudsman.hr\/?p=2068"},"modified":"2019-09-13T10:45:58","modified_gmt":"2019-09-13T08:45:58","slug":"europski-dan-prava-pacijenata-potrebno-ubrzati-organizaciju-palijativne-skrbi-u-hrvatskoj","status":"publish","type":"post","link":"https:\/\/www.ombudsman.hr\/hr\/europski-dan-prava-pacijenata-potrebno-ubrzati-organizaciju-palijativne-skrbi-u-hrvatskoj\/","title":{"rendered":"Europski dan prava pacijenata \u2013 potrebno ubrzati organizaciju palijativne skrbi u Hrvatskoj"},"content":{"rendered":"<p>Diljem Europe 18. travnja obilje\u017eava se kao Europski dan prava pacijenata, s ciljem podizanja svijesti i znanja o pravima na podru\u010dju zdravlja. Jedan od temeljnih me\u0111u njima je pristup zdravstvenoj za\u0161titi, no iskustva mnogih u Hrvatskoj govore da je on \u010desto ote\u017ean, izme\u0111u ostalog zbog nekvalitetnog informiranja gra\u0111ana, dugih lista \u010dekanja ili nedostupnosti skupih lijekova.<\/p>\n<p>Kao poseban problem isti\u010du se i prava umiru\u0107ih pacijenata, koji i dalje nemaju odgovaraju\u0107u palijativnu skrb. Tako, iako je u nekom obliku treba izme\u0111u 26,000 i 46,000 osoba godi\u0161nje, u Mre\u017ei javne zdravstvene slu\u017ebe predvi\u0111eno je manje od 500 palijativnih postelja. Tako\u0111er, ugovoreno je tek 14 od predvi\u0111ena 52 koordinatora za palijativnu skrb na primarnoj razini zdravstvene za\u0161tite, kao i tek 9 od predvi\u0111enih 47 mobilnih timova. Ovakva organizacija ne omogu\u0107uje fizi\u010dku, psihosocijalnu i duhovnu skrb umiru\u0107im pacijentima 24 sata dnevno, \u0161to bi trebala biti svrha palijativne skrbi.<\/p>\n<p>Na ovaj problem pu\u010dka pravobraniteljica Lora Vidovi\u0107 upozorila je Hrvatski sabor u <a href=\"https:\/\/www.ombudsman.hr\/hr\/download\/pucka-pravobraniteljica-izvjesce\/\">Izvje\u0161\u0107u za 2017.g.<\/a> U preporuci Ministarstvu zdravstva, Hrvatskom zavodu za zdravstveno osiguranje i Ministarstvu za demografiju, obitelj, mlade i socijalnu politiku, navela je kako je va\u017eno ubrzati organizaciju palijativne skrbi, ali i pru\u017eiti adekvatnu i kvalitetnu podr\u0161ku \u010dlanovima obitelji.<\/p>\n<p>Naime, \u010dlanovi obitelji su \u010desto zbog nedostatka edukacije prepu\u0161teni sami sebi i moraju se snalaziti u brizi i njezi pacijenta bez ikakve sustavne podr\u0161ke. Pri tome nemaju pravo na bolovanje za njegu odraslog \u010dlana obitelji pa potpuno ovise o (ne)razumijevanju svojih poslodavaca. Do pozitivne promjene moglo bi do\u0107i provo\u0111enjem Strategije socijalne skrbi za starije osobe 2017.-2020., koja predvi\u0111a \u0161irenje statusa njegovatelja za skrb o starijim osobama, no ne navodi kada bi do toga uistinu moglo do\u0107i.<\/p>\n<p>Bez obzira na te\u017einu zdravstvenog stanja, va\u017eno je o\u010duvati najbolju mogu\u0107u kvalitetu \u017eivota pacijenta sve do smrti, kao i pru\u017eiti podr\u0161ku \u010dlanovima njihovih obitelji. Iako je krajem 2017. donesen Nacionalni program razvoja palijativne skrbi u RH 2017.-2020., razvoj ovog sustava i dalje je zanemaren, \u0161to se u kona\u010dnici negativno odra\u017eava na \u0161tetu pojedinaca, ali i \u010ditavih obitelji.<\/p>\n","protected":false},"excerpt":{"rendered":"<p>Diljem Europe 18. travnja obilje\u017eava se kao Europski dan prava pacijenata, s ciljem podizanja svijesti i znanja o pravima na podru\u010dju zdravlja. Jedan od temeljnih me\u0111u njima je pristup zdravstvenoj za\u0161titi, no iskustva mnogih u Hrvatskoj govore da je on \u010desto ote\u017ean, izme\u0111u ostalog zbog nekvalitetnog informiranja gra\u0111ana, dugih lista \u010dekanja ili nedostupnosti skupih lijekova. [&hellip;]<\/p>\n","protected":false},"author":1,"featured_media":3158,"comment_status":"open","ping_status":"open","sticky":false,"template":"","format":"standard","meta":{"footnotes":""},"categories":[2090],"tags":[607,702,1288,366],"class_list":["post-2068","post","type-post","status-publish","format-standard","has-post-thumbnail","hentry","category-novosti","tag-starije-osobe","tag-zdravlje","tag-zastita-i-promocija-ljudskih-prava","tag-zdravstvo"],"_links":{"self":[{"href":"https:\/\/www.ombudsman.hr\/hr\/wp-json\/wp\/v2\/posts\/2068","targetHints":{"allow":["GET"]}}],"collection":[{"href":"https:\/\/www.ombudsman.hr\/hr\/wp-json\/wp\/v2\/posts"}],"about":[{"href":"https:\/\/www.ombudsman.hr\/hr\/wp-json\/wp\/v2\/types\/post"}],"author":[{"embeddable":true,"href":"https:\/\/www.ombudsman.hr\/hr\/wp-json\/wp\/v2\/users\/1"}],"replies":[{"embeddable":true,"href":"https:\/\/www.ombudsman.hr\/hr\/wp-json\/wp\/v2\/comments?post=2068"}],"version-history":[{"count":7,"href":"https:\/\/www.ombudsman.hr\/hr\/wp-json\/wp\/v2\/posts\/2068\/revisions"}],"predecessor-version":[{"id":6843,"href":"https:\/\/www.ombudsman.hr\/hr\/wp-json\/wp\/v2\/posts\/2068\/revisions\/6843"}],"wp:featuredmedia":[{"embeddable":true,"href":"https:\/\/www.ombudsman.hr\/hr\/wp-json\/wp\/v2\/media\/3158"}],"wp:attachment":[{"href":"https:\/\/www.ombudsman.hr\/hr\/wp-json\/wp\/v2\/media?parent=2068"}],"wp:term":[{"taxonomy":"category","embeddable":true,"href":"https:\/\/www.ombudsman.hr\/hr\/wp-json\/wp\/v2\/categories?post=2068"},{"taxonomy":"post_tag","embeddable":true,"href":"https:\/\/www.ombudsman.hr\/hr\/wp-json\/wp\/v2\/tags?post=2068"}],"curies":[{"name":"wp","href":"https:\/\/api.w.org\/{rel}","templated":true}]}}