{"id":2053,"date":"2018-04-02T04:37:26","date_gmt":"2018-04-02T04:37:26","guid":{"rendered":"http:\/\/site.ombudsman.hr\/?p=2053"},"modified":"2019-05-19T12:20:35","modified_gmt":"2019-05-19T12:20:35","slug":"stanje-ljudskih-prava-u-hrvatskoj-izvjesce-pucke-pravobraniteljice-za-2017","status":"publish","type":"post","link":"https:\/\/www.ombudsman.hr\/hr\/stanje-ljudskih-prava-u-hrvatskoj-izvjesce-pucke-pravobraniteljice-za-2017\/","title":{"rendered":"Stanje ljudskih prava u Hrvatskoj: Izvje\u0161\u0107e pu\u010dke pravobraniteljice za 2017."},"content":{"rendered":"<p>Pu\u010dka pravobraniteljica Lora Vidovi\u0107 predala je Hrvatskom saboru Izvje\u0161\u0107e za 2017. U njemu se nalazi analiza i ocjena stanja ljudskih prava u Hrvatskoj za pro\u0161lu godinu, kao i 231 preporuka za uklanjanje sustavnih problema, \u0161to godi\u0161nje izvje\u0161\u0107e \u010dini najzna\u010dajnijim alatom rada institucije pu\u010dkog pravobranitelja.<\/p>\n<p>U 2017. gra\u0111ani su se nastavili suo\u010davati s gotovo istim problemima kao i ranijih godina. \u010cak petina \u017eivi u riziku od siroma\u0161tva, koje je vi\u0161estruko prisutnije u ruralnim podru\u010djima, a socijalne naknade ne omogu\u0107uju zadovoljavanje osnovnih \u017eivotnih potreba. Sustav ovrha i dalje nije u\u010dinkovit ni pravedan, stoga i dalje generira dodatne dugove ovr\u0161enicima, a ote\u017eava namirenje vjerovnika.<\/p>\n<p><!--more--><\/p>\n<p>Gra\u0111ani nemaju dovoljno informacija o svojim pravima, zbog \u010dega ne pokre\u0107u mehanizme za\u0161tite, a zna\u010dajnu ulogu u o\u010duvanju ovog za\u010daranog kruga ima i visoko nepovjerenje u institucije. U brojnim \u017eivotnim situacijama osjetan je i nejednak pristup pravima, \u0161to je vidljivo i u sve du\u017eim listama \u010dekanja na zdravstvene usluge. Zabrinjava i nedono\u0161enje zna\u010dajnih propisa i strate\u0161kih dokumenata, pa tako nedostaju oni o socijalnom stanovanju, radu agencija za naplatu potra\u017eivanja, besku\u0107ni\u0161tvu ili razvoju civilnog dru\u0161tva, kao i Nacionalni program za\u0161tite i promicanja ljudskih prava.<\/p>\n<p>Izrazito zabrinjava i nesiguran status zaposlenih, koji su \u010desto prisiljeni birati izme\u0111u trpljenja da se njihova prava kr\u0161e, gubitka posla i napu\u0161tanja RH. Pu\u010dka pravobraniteljica je prvi put najve\u0107i broj pritu\u017ebi primila upravo na prava iz radnih i slu\u017ebeni\u010dkih odnosa, a rad i zapo\u0161ljavanje tako\u0111er je najzastupljenije podru\u010dje me\u0111u pritu\u017ebama na diskriminaciju. Kao i ranijih godina, bez obzira na podru\u010dje, najzastupljenije su pritu\u017ebe na diskriminaciju na osnovu etniciteta, \u0161to se posebice odnosi na pripadnike romske i srpske nacionalne manjine te tra\u017eitelje azila, iz niza razloga: nedostatka osnovnih uvjeta \u017eivota, integracijskih politika, ali i zlo\u010dina iz mr\u017enje kojima su izlo\u017eeni. I u podru\u010dju rada Nacionalnog preventivnog mehanizma nisu zabilje\u017eena ve\u0107a, sustavna pobolj\u0161anja.<\/p>\n<p>Netrpeljivost prema razli\u010ditim skupinama i mi\u0161ljenjima ostala je i u pro\u0161loj godini, na\u017ealost, karakteristika javnog prostora, a nedostatak dijaloga i kvalitetnih rasprava, kao i izostanak adekvatne i pravovremene javne osude neprihvatljivog sadr\u017eaja, doprinose atmosferi apatije i osje\u0107aju stagnacije dru\u0161tva.<\/p>\n<p>U Izvje\u0161\u0107u se navode i pojedini pozitivni pomaci, posebice oni do kojih je dovelo provo\u0111enje preporuka pravobraniteljice, a primjeri su sna\u017enija za\u0161tita starijih od nasilja u obitelji ili ekonomskog iskori\u0161tavanja te najava uvo\u0111enja socijalne mirovine. Istaknuto je i kako \u0107e, nakon \u0161to je pu\u010dka pravobraniteljica 2015. izabrana za predsjedanje ENNHRI-jem, a u 2017. za predsjedavaju\u0107u EQUINET-a imenovana njezina zamjenica, u idu\u0107em razdoblju Ured pu\u010dke pravobraniteljice biti na \u010delu dviju najva\u017enijih mre\u017ea na podru\u010dju ljudskih prava i diskriminacije u Europi.<\/p>\n<p>Analiza i cijena stanja u Izvje\u0161\u0107u pripremljena je na temelju pritu\u017ebi, terenskog rada, istra\u017eivanja te podataka tijela javne vlasti, organizacija civilnog dru\u0161tva, sindikata, strukovnih udru\u017eenja, akademske zajednice, vjerskih organizacija i mnogih drugih. Cilj 231 preporuke je sprje\u010davanje povreda prava gra\u0111ana, a njihovo provo\u0111enje jedan je od na\u010dina dugoro\u010dnog unaprje\u0111enja kvalitete \u017eivota u Hrvatskoj, \u0161to je nedovoljno prepoznato u kontekstu demografske obnove i zaustavljanju iseljavanja. Izvje\u0161\u0107e pu\u010dke pravobraniteljice mo\u017eete prona\u0107i u privitku.<\/p>\n<p>&nbsp;<\/p>\n<p><strong style=\"color: #444444; font-family: 'Helvetica Neue', Helvetica, Arial, sans-serif; font-size: 14px; background-color: #f8f8f8;\"><a class=\"jd_download_url\" style=\"background-color: transparent; color: #00466e; outline: -webkit-focus-ring-color auto 5px;\" title=\"Download\" href=\"http:\/\/site.ombudsman.hr\/?p=1721\" target=\"_blank\" rel=\"noopener noreferrer\">Izvje\u0161\u0107e pu\u010dke pravobraniteljice za 2017. godinu<\/a><\/strong><\/p>\n","protected":false},"excerpt":{"rendered":"<p>Pu\u010dka pravobraniteljica Lora Vidovi\u0107 predala je Hrvatskom saboru Izvje\u0161\u0107e za 2017. U njemu se nalazi analiza i ocjena stanja ljudskih prava u Hrvatskoj za pro\u0161lu godinu, kao i 231 preporuka za uklanjanje sustavnih problema, \u0161to godi\u0161nje izvje\u0161\u0107e \u010dini najzna\u010dajnijim alatom rada institucije pu\u010dkog pravobranitelja. U 2017. gra\u0111ani su se nastavili suo\u010davati s gotovo istim problemima [&hellip;]<\/p>\n","protected":false},"author":1,"featured_media":3007,"comment_status":"open","ping_status":"open","sticky":false,"template":"","format":"standard","meta":{"footnotes":""},"categories":[2090],"tags":[1288],"class_list":["post-2053","post","type-post","status-publish","format-standard","has-post-thumbnail","hentry","category-novosti","tag-zastita-i-promocija-ljudskih-prava"],"_links":{"self":[{"href":"https:\/\/www.ombudsman.hr\/hr\/wp-json\/wp\/v2\/posts\/2053","targetHints":{"allow":["GET"]}}],"collection":[{"href":"https:\/\/www.ombudsman.hr\/hr\/wp-json\/wp\/v2\/posts"}],"about":[{"href":"https:\/\/www.ombudsman.hr\/hr\/wp-json\/wp\/v2\/types\/post"}],"author":[{"embeddable":true,"href":"https:\/\/www.ombudsman.hr\/hr\/wp-json\/wp\/v2\/users\/1"}],"replies":[{"embeddable":true,"href":"https:\/\/www.ombudsman.hr\/hr\/wp-json\/wp\/v2\/comments?post=2053"}],"version-history":[{"count":2,"href":"https:\/\/www.ombudsman.hr\/hr\/wp-json\/wp\/v2\/posts\/2053\/revisions"}],"predecessor-version":[{"id":5707,"href":"https:\/\/www.ombudsman.hr\/hr\/wp-json\/wp\/v2\/posts\/2053\/revisions\/5707"}],"wp:featuredmedia":[{"embeddable":true,"href":"https:\/\/www.ombudsman.hr\/hr\/wp-json\/wp\/v2\/media\/3007"}],"wp:attachment":[{"href":"https:\/\/www.ombudsman.hr\/hr\/wp-json\/wp\/v2\/media?parent=2053"}],"wp:term":[{"taxonomy":"category","embeddable":true,"href":"https:\/\/www.ombudsman.hr\/hr\/wp-json\/wp\/v2\/categories?post=2053"},{"taxonomy":"post_tag","embeddable":true,"href":"https:\/\/www.ombudsman.hr\/hr\/wp-json\/wp\/v2\/tags?post=2053"}],"curies":[{"name":"wp","href":"https:\/\/api.w.org\/{rel}","templated":true}]}}