{"id":2048,"date":"2018-03-21T13:58:15","date_gmt":"2018-03-21T13:58:15","guid":{"rendered":"http:\/\/site.ombudsman.hr\/?p=2048"},"modified":"2019-07-02T12:05:23","modified_gmt":"2019-07-02T12:05:23","slug":"svjetski-dan-voda-2","status":"publish","type":"post","link":"https:\/\/www.ombudsman.hr\/hr\/svjetski-dan-voda-2\/","title":{"rendered":"Svjetski dan voda 2018."},"content":{"rendered":"<p>Vode su op\u0107e dobro i pod osobitom su za\u0161titom dr\u017eave, \u0161to uklju\u010duje i za\u0161titu vodnog okoli\u0161a. Nu\u017eno je to za o\u010duvanje \u017eivota i zdravlja ljudi, smanjenje one\u010di\u0161\u0107enja podzemnih voda te osiguranje dostatnih koli\u010dina i dobre kakvo\u0107e povr\u0161inskih i podzemnih voda koje se koriste za ljudsku potro\u0161nju.<\/p>\n<p><!--more--><\/p>\n<p>Preko 1,1 milijarda ljudi oskudijeva ili nema pristup pitkoj vodi, a dvostruko vi\u0161e ih \u017eivi bez osnovnih sanitarnih uvjeta. UN nagla\u0161ava kako su ovi razmjeri nedopustivi, zbog \u010dega je potrebno ulo\u017eiti znatne dodatne napore kako bi svi imali pristup dovoljnim koli\u010dinama pitke vode.<\/p>\n<p>Stoga je Op\u0107a skup\u0161tina UN jo\u0161 1993. odlu\u010dila da se 22. o\u017eujak svake godine obilje\u017ei kao Svjetski dan voda i da se na taj dan, diljem svijeta, posebno skrene pozornost na probleme vezane za vodu i vodne resurse.<\/p>\n<p>Ovogodi\u0161nja tema Svjetskog dana voda je Priroda za vodu, kao poticaj na prou\u010davanje prirodnih rje\u0161enja za izazove s kojima se suo\u010davamo u 21. stolje\u0107u, uz prijedloge koji govore kako mo\u017eemo koristiti prirodu za pobolj\u0161anje kvalitete vode. Pri tom je posebno nagla\u0161ena odgovornost ljudi u spre\u010davanju one\u010di\u0161\u0107enja i za\u0161titi prirodnog okru\u017eenja. \u010ce\u0161\u0107im kori\u0161tenjem \u201ezelene infrastrukture\u201c, &#8211; sadnjom \u0161uma, odr\u017eavanjem rijeka i njihovih korita, povezivanjem rijeka u poplavne nizove, obnavljanjem mo\u010dvarnih podru\u010dja\u2013 u\u010dinkovitije bi se pomoglo obnavljanju ciklusa voda, ubla\u017eilo u\u010dinke klimatskih promjena, pa bi se i pobolj\u0161ali \u017eivotni uvjeti \u010dovje\u010danstva, isti\u010de UN. Vi\u0161e mo\u017eete <a href=\"doznati%20ovdje[\">doznati ovdje<\/a>.<\/p>\n<div>\n<hr style=\"text-align: left;\" size=\"1\" width=\"33%\" \/>\n<div>\n<p>&nbsp;<\/p>\n<\/div>\n<\/div>\n","protected":false},"excerpt":{"rendered":"<p>Vode su op\u0107e dobro i pod osobitom su za\u0161titom dr\u017eave, \u0161to uklju\u010duje i za\u0161titu vodnog okoli\u0161a. Nu\u017eno je to za o\u010duvanje \u017eivota i zdravlja ljudi, smanjenje one\u010di\u0161\u0107enja podzemnih voda te osiguranje dostatnih koli\u010dina i dobre kakvo\u0107e povr\u0161inskih i podzemnih voda koje se koriste za ljudsku potro\u0161nju.<\/p>\n","protected":false},"author":1,"featured_media":3189,"comment_status":"open","ping_status":"open","sticky":false,"template":"","format":"standard","meta":{"footnotes":""},"categories":[2090],"tags":[696,1288],"class_list":["post-2048","post","type-post","status-publish","format-standard","has-post-thumbnail","hentry","category-novosti","tag-zastita-okolisa","tag-zastita-i-promocija-ljudskih-prava"],"_links":{"self":[{"href":"https:\/\/www.ombudsman.hr\/hr\/wp-json\/wp\/v2\/posts\/2048","targetHints":{"allow":["GET"]}}],"collection":[{"href":"https:\/\/www.ombudsman.hr\/hr\/wp-json\/wp\/v2\/posts"}],"about":[{"href":"https:\/\/www.ombudsman.hr\/hr\/wp-json\/wp\/v2\/types\/post"}],"author":[{"embeddable":true,"href":"https:\/\/www.ombudsman.hr\/hr\/wp-json\/wp\/v2\/users\/1"}],"replies":[{"embeddable":true,"href":"https:\/\/www.ombudsman.hr\/hr\/wp-json\/wp\/v2\/comments?post=2048"}],"version-history":[{"count":2,"href":"https:\/\/www.ombudsman.hr\/hr\/wp-json\/wp\/v2\/posts\/2048\/revisions"}],"predecessor-version":[{"id":5791,"href":"https:\/\/www.ombudsman.hr\/hr\/wp-json\/wp\/v2\/posts\/2048\/revisions\/5791"}],"wp:featuredmedia":[{"embeddable":true,"href":"https:\/\/www.ombudsman.hr\/hr\/wp-json\/wp\/v2\/media\/3189"}],"wp:attachment":[{"href":"https:\/\/www.ombudsman.hr\/hr\/wp-json\/wp\/v2\/media?parent=2048"}],"wp:term":[{"taxonomy":"category","embeddable":true,"href":"https:\/\/www.ombudsman.hr\/hr\/wp-json\/wp\/v2\/categories?post=2048"},{"taxonomy":"post_tag","embeddable":true,"href":"https:\/\/www.ombudsman.hr\/hr\/wp-json\/wp\/v2\/tags?post=2048"}],"curies":[{"name":"wp","href":"https:\/\/api.w.org\/{rel}","templated":true}]}}