{"id":2024,"date":"2018-03-09T12:27:00","date_gmt":"2018-03-09T12:27:00","guid":{"rendered":"http:\/\/site.ombudsman.hr\/?p=2024"},"modified":"2019-05-21T12:28:23","modified_gmt":"2019-05-21T12:28:23","slug":"medunarodne-organizacije-se-obvezuju-graditi-siru-podrsku-ljudskim-pravima","status":"publish","type":"post","link":"https:\/\/www.ombudsman.hr\/hr\/medunarodne-organizacije-se-obvezuju-graditi-siru-podrsku-ljudskim-pravima\/","title":{"rendered":"Me\u0111unarodne organizacije se obvezuju graditi \u0161iru podr\u0161ku ljudskim pravima"},"content":{"rendered":"<p>Pu\u010dka pravobraniteljica i predsjedavaju\u0107a ENNHRI-ja Lora Vidovi\u0107 sudjelovala je na me\u0111unarodnoj konferenciji na visokoj razini, na temu unaprje\u0111enja komunikacije u podru\u010dju ljudskih prava, koja se 6. o\u017eujka 2018. odr\u017eala u sjedi\u0161tu UN-a u \u017denevi.<\/p>\n<p>Na konferenciji su sudjelovali i zamjenica Visokog povjerenika UN-a za ljudska prava Kate Gilmore, povjerenik Vije\u0107a Europe za ljudska prava Nils Mui\u017enieks, direktor Agencije za temeljna prava EU (FRA) Michael O&#8217;Flaherty, posebna izvjestiteljica GANHRI-ja Florence Simbiri-Jaoko i zamjenik izvr\u0161nog direktora za zagovaranje Human Rights Watcha Bruno Stagno Ugarte.<\/p>\n<p><!--more--><\/p>\n<p>Uz raspravu o trendovima percepcije ljudskih prava u \u0161iroj javnosti te problemima i dobrim praksama vezanima uz promociju ljudskih prava, konferencija je rezultirala i zajedni\u010dkom izjavom koju potpisuju Ured Visokog povjerenika UN-a za ljudska prava, Ured povjerenika Vije\u0107a Europe za ljudska prava, Agencija za temeljna prava EU (FRA), Europska mre\u017ea nacionalnih institucija za ljudska prava (ENNHRI) i Globalni savez nacionalnih institucija za ljudska prava (GANHRI).<\/p>\n<p>U dokumentu je nagla\u0161eno kako su se, usvajanjem Op\u0107e deklaracije o ljudskim pravima prije 70 godina, vlade diljem svijeta obvezale graditi mir, demokraciju i pravdu, s ciljem da oni postanu realnost za sve ljude. No, unato\u010d odre\u0111enom napretku, mnogi i danas \u017eive u siroma\u0161tvu, nejednakosti i diskriminaciji, izlo\u017eeni oru\u017eanim sukobima. Za pobolj\u0161anja su nu\u017eni kvalitetniji zakoni i javne politike, ali i jasno razumijevanje gra\u0111ana o tome \u0161to su ljudska prava, kao i njihova \u0161iroka podr\u0161ka za\u0161titi ljudskih prava. Stoga su se potpisnice, izme\u0111u ostalog, obvezale na zajedni\u010dki rad na pobolj\u0161anju promocije vrijednosti ljudskih prava diljem svijeta.<\/p>\n<p>Cjelovitu izjavu mo\u017eete prona\u0107i u privitku, a video snimku konferencije na linku:<span style=\"font-size: 11pt; line-height: 115%; font-family: 'Calibri', sans-serif; background-color: #ffffff;\">\u00a0<a href=\"https:\/\/youtu.be\/_5pM3h1jejQ\">https:\/\/youtu.be\/_5pM3h1jejQ<\/a>\u00a0 <\/span><\/p>\n<p>&nbsp;<\/p>\n<blockquote class=\"twitter-tweet\" data-lang=\"en\">\n<p dir=\"ltr\" lang=\"en\">Lora Vidovic, current Chair of <a href=\"https:\/\/twitter.com\/ennhri?ref_src=twsrc%5Etfw\">@ennhri<\/a>: We have realised that people don\u2019t know what their human rights are, what discrimination is and how to seek protection. We need to be better at explaining our work.<\/p>\n<p>\u2014 Nils Muiznieks (@CommissionerHR) <a href=\"https:\/\/twitter.com\/CommissionerHR\/status\/971011000290959362?ref_src=twsrc%5Etfw\">March 6, 2018<\/a><\/p><\/blockquote>\n<p><a href=\"https:\/\/site2.ombudsman.hr\/wp-content\/uploads\/2018\/03\/Zajedni\u010dka-izjava-me\u0111unarodnih-organizacija.doc\">Zajedni\u010dka izjava me\u0111unarodnih organizacija<\/a><\/p>\n","protected":false},"excerpt":{"rendered":"<p>Pu\u010dka pravobraniteljica i predsjedavaju\u0107a ENNHRI-ja Lora Vidovi\u0107 sudjelovala je na me\u0111unarodnoj konferenciji na visokoj razini, na temu unaprje\u0111enja komunikacije u podru\u010dju ljudskih prava, koja se 6. o\u017eujka 2018. odr\u017eala u sjedi\u0161tu UN-a u \u017denevi. Na konferenciji su sudjelovali i zamjenica Visokog povjerenika UN-a za ljudska prava Kate Gilmore, povjerenik Vije\u0107a Europe za ljudska prava Nils [&hellip;]<\/p>\n","protected":false},"author":1,"featured_media":3233,"comment_status":"open","ping_status":"open","sticky":false,"template":"","format":"standard","meta":{"footnotes":""},"categories":[2090],"tags":[294,311,759,463,675],"class_list":["post-2024","post","type-post","status-publish","format-standard","has-post-thumbnail","hentry","category-novosti","tag-ennhri","tag-fra","tag-medunarodna-suradnja","tag-ohchr","tag-vijece-europe"],"_links":{"self":[{"href":"https:\/\/www.ombudsman.hr\/hr\/wp-json\/wp\/v2\/posts\/2024","targetHints":{"allow":["GET"]}}],"collection":[{"href":"https:\/\/www.ombudsman.hr\/hr\/wp-json\/wp\/v2\/posts"}],"about":[{"href":"https:\/\/www.ombudsman.hr\/hr\/wp-json\/wp\/v2\/types\/post"}],"author":[{"embeddable":true,"href":"https:\/\/www.ombudsman.hr\/hr\/wp-json\/wp\/v2\/users\/1"}],"replies":[{"embeddable":true,"href":"https:\/\/www.ombudsman.hr\/hr\/wp-json\/wp\/v2\/comments?post=2024"}],"version-history":[{"count":3,"href":"https:\/\/www.ombudsman.hr\/hr\/wp-json\/wp\/v2\/posts\/2024\/revisions"}],"predecessor-version":[{"id":5536,"href":"https:\/\/www.ombudsman.hr\/hr\/wp-json\/wp\/v2\/posts\/2024\/revisions\/5536"}],"wp:featuredmedia":[{"embeddable":true,"href":"https:\/\/www.ombudsman.hr\/hr\/wp-json\/wp\/v2\/media\/3233"}],"wp:attachment":[{"href":"https:\/\/www.ombudsman.hr\/hr\/wp-json\/wp\/v2\/media?parent=2024"}],"wp:term":[{"taxonomy":"category","embeddable":true,"href":"https:\/\/www.ombudsman.hr\/hr\/wp-json\/wp\/v2\/categories?post=2024"},{"taxonomy":"post_tag","embeddable":true,"href":"https:\/\/www.ombudsman.hr\/hr\/wp-json\/wp\/v2\/tags?post=2024"}],"curies":[{"name":"wp","href":"https:\/\/api.w.org\/{rel}","templated":true}]}}