{"id":2009,"date":"2018-02-05T15:46:02","date_gmt":"2018-02-05T15:46:02","guid":{"rendered":"http:\/\/site.ombudsman.hr\/?p=2009"},"modified":"2019-05-19T15:54:01","modified_gmt":"2019-05-19T15:54:01","slug":"ured-pucke-pravobraniteljice-ponovno-raspisuje-javni-natjecaj-za-prijam-u-drzavnu-sluzbu-na-neodredeno-vrijeme-u-sluzbi-za-opce-poslove","status":"publish","type":"post","link":"https:\/\/www.ombudsman.hr\/hr\/ured-pucke-pravobraniteljice-ponovno-raspisuje-javni-natjecaj-za-prijam-u-drzavnu-sluzbu-na-neodredeno-vrijeme-u-sluzbi-za-opce-poslove\/","title":{"rendered":"Ured pu\u010dke pravobraniteljice ponovno raspisuje javni natje\u010daj za prijam u dr\u017eavnu slu\u017ebu na neodre\u0111eno vrijeme u slu\u017ebi za op\u0107e poslove"},"content":{"rendered":"<p>Ured pu\u010dke pravobraniteljice ponovno raspisuje javni natje\u010daj\u00a0za prijam u dr\u017eavnu slu\u017ebu na neodre\u0111eno vrijeme u slu\u017ebi za op\u0107e poslove, Odjel za ra\u010dunovodstvo i uredsko poslovanje.<\/p>\n<p>Tekst natje\u010daja kao i priop\u0107enje o opisu poslova mo\u017eete pro\u010ditati u privitku.<\/p>\n<p><a href=\"https:\/\/site2.ombudsman.hr\/wp-content\/uploads\/2018\/02\/JAVNI-NATJE\u010cAJ-UPRAVNI-REFERENT-2018.pdf\">JAVNI NATJE\u010cAJ-UPRAVNI REFERENT- 2018<\/a><br \/>\n<a href=\"https:\/\/site2.ombudsman.hr\/wp-content\/uploads\/2018\/02\/Priop\u0107enje-o-opisu-poslova.pdf\">Priop\u0107enje o opisu poslova<\/a><\/p>\n","protected":false},"excerpt":{"rendered":"<p>Ured pu\u010dke pravobraniteljice ponovno raspisuje javni natje\u010daj\u00a0za prijam u dr\u017eavnu slu\u017ebu na neodre\u0111eno vrijeme u slu\u017ebi za op\u0107e poslove, Odjel za ra\u010dunovodstvo i uredsko poslovanje. Tekst natje\u010daja kao i priop\u0107enje o opisu poslova mo\u017eete pro\u010ditati u privitku. JAVNI NATJE\u010cAJ-UPRAVNI REFERENT- 2018 Priop\u0107enje o opisu poslova<\/p>\n","protected":false},"author":1,"featured_media":2971,"comment_status":"open","ping_status":"open","sticky":false,"template":"","format":"standard","meta":{"footnotes":""},"categories":[168],"tags":[],"class_list":["post-2009","post","type-post","status-publish","format-standard","has-post-thumbnail","hentry","category-natjecaji-interni-oglasi"],"_links":{"self":[{"href":"https:\/\/www.ombudsman.hr\/hr\/wp-json\/wp\/v2\/posts\/2009","targetHints":{"allow":["GET"]}}],"collection":[{"href":"https:\/\/www.ombudsman.hr\/hr\/wp-json\/wp\/v2\/posts"}],"about":[{"href":"https:\/\/www.ombudsman.hr\/hr\/wp-json\/wp\/v2\/types\/post"}],"author":[{"embeddable":true,"href":"https:\/\/www.ombudsman.hr\/hr\/wp-json\/wp\/v2\/users\/1"}],"replies":[{"embeddable":true,"href":"https:\/\/www.ombudsman.hr\/hr\/wp-json\/wp\/v2\/comments?post=2009"}],"version-history":[{"count":3,"href":"https:\/\/www.ombudsman.hr\/hr\/wp-json\/wp\/v2\/posts\/2009\/revisions"}],"predecessor-version":[{"id":4969,"href":"https:\/\/www.ombudsman.hr\/hr\/wp-json\/wp\/v2\/posts\/2009\/revisions\/4969"}],"wp:featuredmedia":[{"embeddable":true,"href":"https:\/\/www.ombudsman.hr\/hr\/wp-json\/wp\/v2\/media\/2971"}],"wp:attachment":[{"href":"https:\/\/www.ombudsman.hr\/hr\/wp-json\/wp\/v2\/media?parent=2009"}],"wp:term":[{"taxonomy":"category","embeddable":true,"href":"https:\/\/www.ombudsman.hr\/hr\/wp-json\/wp\/v2\/categories?post=2009"},{"taxonomy":"post_tag","embeddable":true,"href":"https:\/\/www.ombudsman.hr\/hr\/wp-json\/wp\/v2\/tags?post=2009"}],"curies":[{"name":"wp","href":"https:\/\/api.w.org\/{rel}","templated":true}]}}