{"id":1951,"date":"2017-11-29T12:55:00","date_gmt":"2017-11-29T12:55:00","guid":{"rendered":"http:\/\/site.ombudsman.hr\/?p=1951"},"modified":"2019-05-15T11:40:32","modified_gmt":"2019-05-15T11:40:32","slug":"imamo-ista-prava-ennhri-ov-projekt-koji-vodi-pristupu-ljudskim-pravima-i-dugorocnu-skrbi-za-starije-u-europi-modulmedunarodno","status":"publish","type":"post","link":"https:\/\/www.ombudsman.hr\/hr\/imamo-ista-prava-ennhri-ov-projekt-koji-vodi-pristupu-ljudskim-pravima-i-dugorocnu-skrbi-za-starije-u-europi-modulmedunarodno\/","title":{"rendered":"&#8220;Imamo ista prava&#8221;: ENNHRI-jev projekt vodi pristupu utemeljenom na ljudskim pravima u dugoro\u010dnoj skrbi za starije"},"content":{"rendered":"<p><span style=\"white-space: pre-wrap;\">Zavr\u0161na konferencija ENNHRI projekta o ljudskim pravima starijih osoba u dugoro\u010dnoj skrbi odr\u017eana je 28. studenog u Bruxellesu. Na njoj su predstavljeni klju\u010dni nalazi iz projekta, kao i dodatne smjernice za <span style=\"white-space: pre-wrap;\">provedbu pristupa utemeljenog na ljudskim pravima u dugoro\u010dnoj skrbi, <\/span>namijenjene kreatorima politika, pru\u017eateljima usluga skrbi i zagovornicima prava starijih osoba. Doga\u0111aj je okupio sudionike iz \u010ditave Europe koji se bave planiranjem i pru\u017eanjem dugotrajne skrbi za starije osobe, uklju\u010duju\u0107i predstavnike nacionalnih institucija za ljudska prava (NHRI), kreatore politika i pru\u017eatelje usluga skrbi.<\/span><\/p>\n<p>Projekt su provodile nacionalne institucije za ljudska prava u Belgiji, Hrvatskoj, Njema\u010dkoj, Ma\u0111arskoj, Litvi i Rumunjskoj. Izvje\u0161\u0107e ENNHRI-a analizira nacionalne nalaze i identificira klju\u010dne trendove u stanju ljudskih prava vezanih uz dugoro\u010dnu skrb za starije osobe u Europi.<\/p>\n<p><!--more--><\/p>\n<p>&#8220;Ovaj projekt pokazao je da ve\u0107ina pru\u017eatelja skrbi instinktivno koristi pristup usmjeren prema osobi, te da se starije tretira kao pojedince, po\u0161tuju\u0107i njihovo dostojanstvo i neovisnost te razumijevaju\u0107i vrijednost dru\u0161tvene interakcije. Me\u0111utim, nekoliko praksi izazvalo je zabrinutost, primjerice one koje se odnose na o\u010duvanje dostojanstva, pravo na privatnost, autonomiju, sudjelovanje i pristup pravosu\u0111u&#8221;, izjavila je predsjedavaju\u0107a ENNHR-ija i pu\u010dka pravobraniteljica Lora Vidovi\u0107.<\/p>\n<p>&nbsp;<\/p>\n<p>Osiguravanje po\u0161tivanja ljudskih prava starijih osoba u dugoro\u010dnoj skrbi u Europi izazov je s obzirom na raznolikost i zahtjeve s kojima se suo\u010dava ovaj sektor. U prosjeku, tro\u0161kovi skrbi u EU su oko 1,7% BDP-a (2013), od oko 0,3% u Slova\u010dkoj i Cipru, do 4,1% u Nizozemskoj. O\u010dekuje se da \u0107e se prosje\u010dni izdaci pove\u0107ati za \u010dak 2,3 postotnih poena (do 4% BDP-a). &#8220;Moramo se pobrinuti da pritisak koji donose tro\u0161kovi ne uklone kvalitetu i ljudska prava s dnevnog reda&#8221;, objasnila je Ciara O&#8217;Dwyer, koordinatorica projekta.<\/p>\n<p>Nacionalno izvje\u0161\u0107e i priru\u010dnik mo\u017eete prona\u0107i <a href=\"http:\/\/site.ombudsman.hr\/?p=1928\">ovdje<\/a>, a izvje\u0161\u0107e ENNHRI-ja (na engleskom) <a href=\"http:\/\/ennhri.org\/IMG\/pdf\/ennhri_hr_op_web.pdf\">ovdje<\/a>.<\/p>\n<p>&nbsp;<\/p>\n<p>&nbsp;<\/p>\n","protected":false},"excerpt":{"rendered":"<p>Zavr\u0161na konferencija ENNHRI projekta o ljudskim pravima starijih osoba u dugoro\u010dnoj skrbi odr\u017eana je 28. studenog u Bruxellesu. Na njoj su predstavljeni klju\u010dni nalazi iz projekta, kao i dodatne smjernice za provedbu pristupa utemeljenog na ljudskim pravima u dugoro\u010dnoj skrbi, namijenjene kreatorima politika, pru\u017eateljima usluga skrbi i zagovornicima prava starijih osoba. Doga\u0111aj je okupio sudionike [&hellip;]<\/p>\n","protected":false},"author":1,"featured_media":1946,"comment_status":"open","ping_status":"open","sticky":false,"template":"","format":"standard","meta":{"footnotes":""},"categories":[2090],"tags":[294,759,607,657,1288],"class_list":["post-1951","post","type-post","status-publish","format-standard","has-post-thumbnail","hentry","category-novosti","tag-ennhri","tag-medunarodna-suradnja","tag-starije-osobe","tag-umirovljenici","tag-zastita-i-promocija-ljudskih-prava"],"_links":{"self":[{"href":"https:\/\/www.ombudsman.hr\/hr\/wp-json\/wp\/v2\/posts\/1951","targetHints":{"allow":["GET"]}}],"collection":[{"href":"https:\/\/www.ombudsman.hr\/hr\/wp-json\/wp\/v2\/posts"}],"about":[{"href":"https:\/\/www.ombudsman.hr\/hr\/wp-json\/wp\/v2\/types\/post"}],"author":[{"embeddable":true,"href":"https:\/\/www.ombudsman.hr\/hr\/wp-json\/wp\/v2\/users\/1"}],"replies":[{"embeddable":true,"href":"https:\/\/www.ombudsman.hr\/hr\/wp-json\/wp\/v2\/comments?post=1951"}],"version-history":[{"count":2,"href":"https:\/\/www.ombudsman.hr\/hr\/wp-json\/wp\/v2\/posts\/1951\/revisions"}],"predecessor-version":[{"id":4673,"href":"https:\/\/www.ombudsman.hr\/hr\/wp-json\/wp\/v2\/posts\/1951\/revisions\/4673"}],"wp:featuredmedia":[{"embeddable":true,"href":"https:\/\/www.ombudsman.hr\/hr\/wp-json\/wp\/v2\/media\/1946"}],"wp:attachment":[{"href":"https:\/\/www.ombudsman.hr\/hr\/wp-json\/wp\/v2\/media?parent=1951"}],"wp:term":[{"taxonomy":"category","embeddable":true,"href":"https:\/\/www.ombudsman.hr\/hr\/wp-json\/wp\/v2\/categories?post=1951"},{"taxonomy":"post_tag","embeddable":true,"href":"https:\/\/www.ombudsman.hr\/hr\/wp-json\/wp\/v2\/tags?post=1951"}],"curies":[{"name":"wp","href":"https:\/\/api.w.org\/{rel}","templated":true}]}}