{"id":1900,"date":"2017-11-30T09:24:40","date_gmt":"2017-11-30T09:24:40","guid":{"rendered":"http:\/\/site.ombudsman.hr\/?p=1900"},"modified":"2019-07-02T12:34:21","modified_gmt":"2019-07-02T12:34:21","slug":"predstavljanje-kampanje-razlike-nisu-prepreke-za-drustvo-bez-diskriminacije","status":"publish","type":"post","link":"https:\/\/www.ombudsman.hr\/hr\/predstavljanje-kampanje-razlike-nisu-prepreke-za-drustvo-bez-diskriminacije\/","title":{"rendered":"Predstavljanje kampanje &#8220;Razlike nisu prepreke. Za dru\u0161tvo bez diskriminacije&#8221;"},"content":{"rendered":"<p>&#8220;Razlike nisu prepreke. Za dru\u0161tvo bez diskriminacije&#8221; &#8211; poruka je medijske kampanje koju provodimo u suradnji s Uredom za ljudska prava i prava nacionalnih manjina Vlade Republike Hrvatske i Centrom za mirovne studije, u sklopu projekta \u201eMind the Gap \u2013 Mjerenje (ne)jednakosti u Hrvatskoj\u201c.<\/p>\n<p>Kampanja \u0107e biti predstavljena u petak, 1. prosinca 2017. u 12 sati u Europskom domu (Juri\u0161i\u0107eva 1, Zagreb).<\/p>\n<p>Projekt se provodi uz financijsku pomo\u0107 Op\u0107e uprave za pravosu\u0111e i potro\u0161a\u010de Europske komisije, a obuhva\u0107ao je \u010ditav niz razli\u010ditih aktivnosti u cilju unapre\u0111enja postoje\u0107ih praksi mjerenja nejednakosti, kao i smanjivanja dru\u0161tvenih nejednakosti i diskriminacije.<\/p>\n<p><!--more--><\/p>\n<p>Kao zavr\u0161nica projekta, planirana je medijska kampanja s ciljem ja\u010danja osjetljivosti na\u0161ih gra\u0111ana na osobe razli\u010dite etni\u010dke, rasne i nacionalne pripadnosti. Vrijeme trajanja kampanje povezano je i sa skorim obilje\u017eavanjem Me\u0111unarodnog dana ljudskih prava (10. prosinca), a kojim se obilje\u017eava godi\u0161njica potpisivanja Op\u0107e deklaracije o ljudskim pravima.<\/p>\n<p>Ovom kampanjom, izme\u0111u ostalog, zajedno s partnerima \u017eelimo dati svoj doprinos obilje\u017eavanju ovog va\u017enog datuma.<\/p>\n<p>Program predstavljanja mo\u017eete prona\u0107i u privitku.<\/p>\n<p><a href=\"https:\/\/site2.ombudsman.hr\/wp-content\/uploads\/2017\/11\/Predstavljanje-kampanje-Program.pdf\">Predstavljanje kampanje &#8212; Program<\/a><\/p>\n<p>&nbsp;<\/p>\n","protected":false},"excerpt":{"rendered":"<p>&#8220;Razlike nisu prepreke. Za dru\u0161tvo bez diskriminacije&#8221; &#8211; poruka je medijske kampanje koju provodimo u suradnji s Uredom za ljudska prava i prava nacionalnih manjina Vlade Republike Hrvatske i Centrom za mirovne studije, u sklopu projekta \u201eMind the Gap \u2013 Mjerenje (ne)jednakosti u Hrvatskoj\u201c. Kampanja \u0107e biti predstavljena u petak, 1. prosinca 2017. u 12 [&hellip;]<\/p>\n","protected":false},"author":1,"featured_media":3362,"comment_status":"open","ping_status":"open","sticky":false,"template":"","format":"standard","meta":{"footnotes":""},"categories":[2090],"tags":[398,629,1095,1288],"class_list":["post-1900","post","type-post","status-publish","format-standard","has-post-thumbnail","hentry","category-novosti","tag-mediji","tag-suzbijanje-diskriminacije","tag-organizacije-civilnog-drustva","tag-zastita-i-promocija-ljudskih-prava"],"_links":{"self":[{"href":"https:\/\/www.ombudsman.hr\/hr\/wp-json\/wp\/v2\/posts\/1900","targetHints":{"allow":["GET"]}}],"collection":[{"href":"https:\/\/www.ombudsman.hr\/hr\/wp-json\/wp\/v2\/posts"}],"about":[{"href":"https:\/\/www.ombudsman.hr\/hr\/wp-json\/wp\/v2\/types\/post"}],"author":[{"embeddable":true,"href":"https:\/\/www.ombudsman.hr\/hr\/wp-json\/wp\/v2\/users\/1"}],"replies":[{"embeddable":true,"href":"https:\/\/www.ombudsman.hr\/hr\/wp-json\/wp\/v2\/comments?post=1900"}],"version-history":[{"count":3,"href":"https:\/\/www.ombudsman.hr\/hr\/wp-json\/wp\/v2\/posts\/1900\/revisions"}],"predecessor-version":[{"id":4672,"href":"https:\/\/www.ombudsman.hr\/hr\/wp-json\/wp\/v2\/posts\/1900\/revisions\/4672"}],"wp:featuredmedia":[{"embeddable":true,"href":"https:\/\/www.ombudsman.hr\/hr\/wp-json\/wp\/v2\/media\/3362"}],"wp:attachment":[{"href":"https:\/\/www.ombudsman.hr\/hr\/wp-json\/wp\/v2\/media?parent=1900"}],"wp:term":[{"taxonomy":"category","embeddable":true,"href":"https:\/\/www.ombudsman.hr\/hr\/wp-json\/wp\/v2\/categories?post=1900"},{"taxonomy":"post_tag","embeddable":true,"href":"https:\/\/www.ombudsman.hr\/hr\/wp-json\/wp\/v2\/tags?post=1900"}],"curies":[{"name":"wp","href":"https:\/\/api.w.org\/{rel}","templated":true}]}}