{"id":1896,"date":"2017-11-28T10:21:53","date_gmt":"2017-11-28T10:21:53","guid":{"rendered":"http:\/\/site.ombudsman.hr\/?p=1896"},"modified":"2019-05-21T12:25:10","modified_gmt":"2019-05-21T12:25:10","slug":"desetljece-posveceno-ljudima-africkog-podrijetla-modulmedunarodno","status":"publish","type":"post","link":"https:\/\/www.ombudsman.hr\/hr\/desetljece-posveceno-ljudima-africkog-podrijetla-modulmedunarodno\/","title":{"rendered":"Desetlje\u0107e posve\u0107eno ljudima afri\u010dkog podrijetla"},"content":{"rendered":"<p>Op\u0107a skup\u0161tina UN-a proglasila je \u00a0razdoblje od 2015. do 2024. Me\u0111unarodnim desetlje\u0107em osoba afri\u010dkog podrijetla, navode\u0107i potrebu ja\u010danja nacionalne, regionalne i me\u0111unarodne suradnje u odnosu na pravo ovih osoba na potpuno sudjelovanje u gospodarskom, dru\u0161tvenom, kulturnom, gra\u0111anskom i politi\u010dkom \u017eivotu, te puno i ravnopravno sudjelovanje u svim aspektima dru\u0161tva.<\/p>\n<p><!--more--><\/p>\n<p>Kao \u0161to je proglasila Op\u0107a skup\u0161tina, tema Me\u0111unarodnog desetlje\u0107a je &#8220;Ljudi afri\u010dkog podrijetla: priznanje, pravda i razvoj&#8221;.<\/p>\n<p>Drugi regionalni sastanak, ujedno prvi koji se odnosi na Europu, otvorio je 23 studenog Visoki povjerenik UN-a za ljudska prava Zeid Ra\u2019ad Zeid Al-Hussein istaknuv\u0161i potrebu da se prepozna i vi\u0161estruka i intersekcionalna diskriminacija, primjerice, \u017eena u podru\u010dju zdravlja.<\/p>\n<p>&nbsp;<\/p>\n<p>Drugog dana sastanka govorila je Tena \u0160imonovi\u0107 Einwalter, zamjenica pu\u010dke pravobraniteljice i predsjedavaju\u0107a Europske mre\u017ee tijela za jednakost (Equinet). Tom prilikom predstavila je i Equinet-ovo \u00a0Izvje\u0161\u0107e o rasnoj ili etni\u010dkoj diskriminaciji u Europi u kojem se navodi da tijela primje\u0107uju porast rasne diskriminacije, govora mr\u017enje i zlo\u010dina iz mr\u017enje temeljem rasnog ili etni\u010dkog podrijetla, objavljeno 2016. godine. Istaknula je kako zakonodavstvo EU daje dobar pravni okvir za borbu protiv rasne diskriminacije, ali ga je potrebno bolje implementirati. Ujedno je navela osam preporuka za uspje\u0161niju borbu protiv diskriminacije: prikupljanje podataka; kreiranje mjera pozitivne akcije; podizanje svijesti o diskriminaciji; edukacija; trening profesionalaca; strate\u0161ka litigacija; ja\u010danje udruga i tijela za jednakost; te suradnja. Kao poseban problem istaknula je institucionalnu diskriminaciju osoba afri\u010dkog \u00a0podrijetla te pojave vi\u0161estruke diskriminacije odnosno intersekcionalnosti. Naglasila je i\u00a0 neprijavljivanje diskriminacije kao i razloge zbog kojih se ista ne prijavljuje nadle\u017enim institucijama.<\/p>\n<p>Glavni ciljevi Me\u0111unarodnog desetlje\u0107a su promicanje po\u0161tivanja, za\u0161tite i ispunjenja svih ljudskih prava i temeljnih sloboda osoba afri\u010dkog podrijetla, kako je priznato u Op\u0107oj deklaraciji o ljudskim pravima; promicanje ve\u0107eg znanja i po\u0161tovanja razli\u010ditog naslije\u0111a, kulture i doprinosa osoba afri\u010dkog podrijetla u razvoju dru\u0161tava; usvajanje i ja\u010danje nacionalnih, regionalnih i me\u0111unarodnih zakonskih okvira sukladno Durbanskoj deklaraciji i programu djelovanja.B Me\u0111unarodnoj konvenciji o ukidanju svih oblika rasne diskriminacije i osiguravanje njihove potpune i\u00a0u\u010dinkovite provedbe.<\/p>\n<p><a href=\"https:\/\/site2.ombudsman.hr\/wp-content\/uploads\/2017\/11\/images_Tena_UN4-1.jpg\"><img decoding=\"async\" class=\" alignleft size-full wp-image-1893\" style=\"margin-right: 10px; float: left;\" src=\"https:\/\/site2.ombudsman.hr\/wp-content\/uploads\/2017\/11\/images_Tena_UN4-1.jpg\" alt=\"Tena UN4\" width=\"250\" height=\"188\" \/><\/a><\/p>\n<p><a href=\"https:\/\/site2.ombudsman.hr\/wp-content\/uploads\/2017\/11\/images_Tena_UN3-1.jpg\"><img decoding=\"async\" class=\" alignleft size-full wp-image-1895\" style=\"margin-right: 10px; float: left;\" src=\"https:\/\/site2.ombudsman.hr\/wp-content\/uploads\/2017\/11\/images_Tena_UN3-1.jpg\" alt=\"Tena UN3\" width=\"250\" height=\"187\" \/><\/a><\/p>\n<p>&nbsp;<\/p>\n","protected":false},"excerpt":{"rendered":"<p>Op\u0107a skup\u0161tina UN-a proglasila je \u00a0razdoblje od 2015. do 2024. Me\u0111unarodnim desetlje\u0107em osoba afri\u010dkog podrijetla, navode\u0107i potrebu ja\u010danja nacionalne, regionalne i me\u0111unarodne suradnje u odnosu na pravo ovih osoba na potpuno sudjelovanje u gospodarskom, dru\u0161tvenom, kulturnom, gra\u0111anskom i politi\u010dkom \u017eivotu, te puno i ravnopravno sudjelovanje u svim aspektima dru\u0161tva.<\/p>\n","protected":false},"author":1,"featured_media":1890,"comment_status":"open","ping_status":"open","sticky":false,"template":"","format":"standard","meta":{"footnotes":""},"categories":[2090],"tags":[759,463],"class_list":["post-1896","post","type-post","status-publish","format-standard","has-post-thumbnail","hentry","category-novosti","tag-medunarodna-suradnja","tag-ohchr"],"_links":{"self":[{"href":"https:\/\/www.ombudsman.hr\/hr\/wp-json\/wp\/v2\/posts\/1896","targetHints":{"allow":["GET"]}}],"collection":[{"href":"https:\/\/www.ombudsman.hr\/hr\/wp-json\/wp\/v2\/posts"}],"about":[{"href":"https:\/\/www.ombudsman.hr\/hr\/wp-json\/wp\/v2\/types\/post"}],"author":[{"embeddable":true,"href":"https:\/\/www.ombudsman.hr\/hr\/wp-json\/wp\/v2\/users\/1"}],"replies":[{"embeddable":true,"href":"https:\/\/www.ombudsman.hr\/hr\/wp-json\/wp\/v2\/comments?post=1896"}],"version-history":[{"count":2,"href":"https:\/\/www.ombudsman.hr\/hr\/wp-json\/wp\/v2\/posts\/1896\/revisions"}],"predecessor-version":[{"id":4675,"href":"https:\/\/www.ombudsman.hr\/hr\/wp-json\/wp\/v2\/posts\/1896\/revisions\/4675"}],"wp:featuredmedia":[{"embeddable":true,"href":"https:\/\/www.ombudsman.hr\/hr\/wp-json\/wp\/v2\/media\/1890"}],"wp:attachment":[{"href":"https:\/\/www.ombudsman.hr\/hr\/wp-json\/wp\/v2\/media?parent=1896"}],"wp:term":[{"taxonomy":"category","embeddable":true,"href":"https:\/\/www.ombudsman.hr\/hr\/wp-json\/wp\/v2\/categories?post=1896"},{"taxonomy":"post_tag","embeddable":true,"href":"https:\/\/www.ombudsman.hr\/hr\/wp-json\/wp\/v2\/tags?post=1896"}],"curies":[{"name":"wp","href":"https:\/\/api.w.org\/{rel}","templated":true}]}}