{"id":1889,"date":"2017-11-17T15:11:00","date_gmt":"2017-11-17T15:11:00","guid":{"rendered":"http:\/\/site.ombudsman.hr\/?p=1889"},"modified":"2019-05-15T11:41:05","modified_gmt":"2019-05-15T11:41:05","slug":"pucka-pravobraniteljica-sa-suradnicima-u-brodsko-posavskoj-zupaniji","status":"publish","type":"post","link":"https:\/\/www.ombudsman.hr\/hr\/pucka-pravobraniteljica-sa-suradnicima-u-brodsko-posavskoj-zupaniji\/","title":{"rendered":"Pu\u010dka pravobraniteljica sa suradnicima u Brodsko-posavskoj \u017eupaniji"},"content":{"rendered":"<p>Brodsko-posavska \u017eupanija jedna je od najsiroma\u0161nijih u zemlji \u2013 i prema BDP-u i prema stopi rizika od siroma\u0161tva, a visoko se nalazi i prema broju nezaposlenih. Siroma\u0161tvo je samo dio uzroka problema s ostvarivanjem ljudskih prava stanovnika ove \u017eupanije, o \u010demu se pu\u010dka pravobraniteljica Lora Vidovi\u0107 detaljno informirala 16. i 17. studenog 2017., tijekom boravka u Slavonskom Brodu, Oku\u010danima, Novoj Gradi\u0161ci, Oprisavcima i Gornjim Bogi\u0107evcima.<\/p>\n<p><!--more--><\/p>\n<p><img decoding=\"async\" class=\" alignleft size-full wp-image-1882\" style=\"margin-right: 10px; float: left;\" src=\"https:\/\/site2.ombudsman.hr\/wp-content\/uploads\/2017\/11\/images_Mapiranje_-_BP_udruge.jpg\" alt=\"Mapiranje BP udruge\" width=\"250\" height=\"188\" \/><img decoding=\"async\" class=\" alignleft size-full wp-image-1883\" style=\"margin-right: 10px; float: left;\" src=\"https:\/\/site2.ombudsman.hr\/wp-content\/uploads\/2017\/11\/images_Mapiranje_-_BP_udruge2.jpg\" alt=\"Mapiranje BP udruge2\" width=\"250\" height=\"188\" \/><\/p>\n<p>Posjet je zapo\u010dela susretom sa predstavnicima organizacija civilnog dru\u0161tva, nacionalnih manjina i LAG-ovima, sastala se i sa \u017eupanom Danijelom Maru\u0161i\u0107em te ravnateljicom Centra za socijalnu skrb Slavonski Brod, izme\u0111u ostalih. Sa suradnicima je posjetila i romsko naselje Josip Rimac, a susrela se i sa studentima Veleu\u010dili\u0161ta u Slavonskom Brodu, kojima je detaljnije pojasnila ulogu i nadle\u017enost institucije pu\u010dkog pravobranitelja.\u00a0Studenti su posebno bili zainteresirani za primjere iz prakse Ureda pu\u010dke pravobraniteljice te su postavljali niz pitanja o aktualnostima u zemlji.<\/p>\n<p><img decoding=\"async\" class=\" alignleft size-full wp-image-1884\" style=\"margin-right: 10px; float: left;\" src=\"https:\/\/site2.ombudsman.hr\/wp-content\/uploads\/2017\/11\/images_Mapiranje_BP_romsko_naselje.jpg\" alt=\"Mapiranje BP romsko naselje\" width=\"250\" height=\"188\" \/>Obilazak Brodsko-posavske \u017eupanije dio je aktivnosti pomo\u0107u kojih se pravobraniteljica detaljnije upoznaje sa stanjem na terenu, s posebnim naglaskom na nejednak ruralni razvoj. Ove godine posjetila je jo\u0161 Vukovarsko-srijemsku \u017eupaniju, a u 2016. Po\u017ee\u0161ko-slavonsku, Osje\u010dko-baranjsku, Zadarsku i Sisa\u010dko-moslava\u010dku. Nejednak ruralni razvoj bio je i posebna tema u Izvje\u0161\u0107u pu\u010dke pravobraniteljice za 2016. godinu, a detalje o uo\u010denom stanju i preporuke za unaprje\u0111enja mo\u017eete prona\u0107i <a href=\"http:\/\/site.ombudsman.hr\/?p=1359#page=110\">ovdje<\/a>.<\/p>\n<p><img loading=\"lazy\" decoding=\"async\" class=\" alignleft size-full wp-image-1885\" style=\"margin-right: 10px; float: left;\" src=\"https:\/\/site2.ombudsman.hr\/wp-content\/uploads\/2017\/11\/images_Mapiranje_BP_Slavonski_Brod.jpg\" alt=\"Mapiranje BP Slavonski Brod\" width=\"250\" height=\"188\" \/><\/p>\n<p><img loading=\"lazy\" decoding=\"async\" class=\" alignleft size-full wp-image-1886\" style=\"margin-right: 10px; float: left;\" src=\"http:\/\/site.ombudsman.hr\/wp-content\/uploads\/2017\/11\/images_Mapiranje_BP_Gornji_Bogi%C4%87evci.jpg\" alt=\"Mapiranje BP Gornji Bogi\u0107evci\" width=\"250\" height=\"188\" \/><\/p>\n<p><img loading=\"lazy\" decoding=\"async\" class=\" alignleft size-full wp-image-1887\" style=\"margin-right: 10px; float: left;\" src=\"http:\/\/site.ombudsman.hr\/wp-content\/uploads\/2017\/11\/images_Mapiranje_BP_Oku%C4%8Dani.jpg\" alt=\"Mapiranje BP Oku\u010dani\" width=\"250\" height=\"188\" \/><img loading=\"lazy\" decoding=\"async\" class=\" alignleft size-full wp-image-1888\" style=\"margin-right: 10px; float: left;\" src=\"https:\/\/site2.ombudsman.hr\/wp-content\/uploads\/2017\/11\/images_Mapiranje_BP_Oprisavci.jpg\" alt=\"Mapiranje BP Oprisavci\" width=\"250\" height=\"188\" \/><\/p>\n","protected":false},"excerpt":{"rendered":"<p>Brodsko-posavska \u017eupanija jedna je od najsiroma\u0161nijih u zemlji \u2013 i prema BDP-u i prema stopi rizika od siroma\u0161tva, a visoko se nalazi i prema broju nezaposlenih. Siroma\u0161tvo je samo dio uzroka problema s ostvarivanjem ljudskih prava stanovnika ove \u017eupanije, o \u010demu se pu\u010dka pravobraniteljica Lora Vidovi\u0107 detaljno informirala 16. i 17. studenog 2017., tijekom boravka [&hellip;]<\/p>\n","protected":false},"author":1,"featured_media":1881,"comment_status":"open","ping_status":"open","sticky":false,"template":"","format":"standard","meta":{"footnotes":""},"categories":[2090],"tags":[1288],"class_list":["post-1889","post","type-post","status-publish","format-standard","has-post-thumbnail","hentry","category-novosti","tag-zastita-i-promocija-ljudskih-prava"],"_links":{"self":[{"href":"https:\/\/www.ombudsman.hr\/hr\/wp-json\/wp\/v2\/posts\/1889","targetHints":{"allow":["GET"]}}],"collection":[{"href":"https:\/\/www.ombudsman.hr\/hr\/wp-json\/wp\/v2\/posts"}],"about":[{"href":"https:\/\/www.ombudsman.hr\/hr\/wp-json\/wp\/v2\/types\/post"}],"author":[{"embeddable":true,"href":"https:\/\/www.ombudsman.hr\/hr\/wp-json\/wp\/v2\/users\/1"}],"replies":[{"embeddable":true,"href":"https:\/\/www.ombudsman.hr\/hr\/wp-json\/wp\/v2\/comments?post=1889"}],"version-history":[{"count":1,"href":"https:\/\/www.ombudsman.hr\/hr\/wp-json\/wp\/v2\/posts\/1889\/revisions"}],"predecessor-version":[{"id":4680,"href":"https:\/\/www.ombudsman.hr\/hr\/wp-json\/wp\/v2\/posts\/1889\/revisions\/4680"}],"wp:featuredmedia":[{"embeddable":true,"href":"https:\/\/www.ombudsman.hr\/hr\/wp-json\/wp\/v2\/media\/1881"}],"wp:attachment":[{"href":"https:\/\/www.ombudsman.hr\/hr\/wp-json\/wp\/v2\/media?parent=1889"}],"wp:term":[{"taxonomy":"category","embeddable":true,"href":"https:\/\/www.ombudsman.hr\/hr\/wp-json\/wp\/v2\/categories?post=1889"},{"taxonomy":"post_tag","embeddable":true,"href":"https:\/\/www.ombudsman.hr\/hr\/wp-json\/wp\/v2\/tags?post=1889"}],"curies":[{"name":"wp","href":"https:\/\/api.w.org\/{rel}","templated":true}]}}