{"id":1841,"date":"2017-11-07T11:36:04","date_gmt":"2017-11-07T11:36:04","guid":{"rendered":"http:\/\/site.ombudsman.hr\/?p=1841"},"modified":"2019-05-08T13:17:09","modified_gmt":"2019-05-08T13:17:09","slug":"zamjenica-pucke-pravobraniteljice-odrzala-predavanje-na-filozofskom-fakultetu-u-rijeci","status":"publish","type":"post","link":"https:\/\/www.ombudsman.hr\/hr\/zamjenica-pucke-pravobraniteljice-odrzala-predavanje-na-filozofskom-fakultetu-u-rijeci\/","title":{"rendered":"Zamjenica pu\u010dke pravobraniteljice odr\u017eala predavanje na 5. rije\u010dkom interdisciplinarnom kongresu \u2013 RIK"},"content":{"rendered":"<p style=\"text-align: justify;\">Zamjenica pu\u010dke pravobraniteljice Tena \u0160imonovi\u0107 Einwalter odr\u017eala je 3. studenoga 2017., na poziv Filozofskog fakulteta u Rijeci, predavanje na 5. rije\u010dkom interdisciplinarnom kongresu \u2013 RIK, pod nazivom \u201eSvi smo jednaki, ali neki su jednakiji&#8221;, na kojem se ove godine raspravljalo o temama ljudskih prava i dru\u0161tvene pravednosti.<\/p>\n<p><!--more--><\/p>\n<p style=\"text-align: justify;\">Zamjenica \u0160imonovi\u0107 Einwalter predstavila je nadle\u017enosti Ureda pu\u010dke pravobraniteljice, pri \u010demu je posebno izdvojila \u00a0ulogu sredi\u0161njeg tijela nadle\u017enog za suzbijanje diskriminacije u Hrvatskoj. Tako\u0111er je istaknula razlike izme\u0111u pu\u010dkog i posebnih pravobranitelj u pogledu ovlasti postupanja prema osnovama diskriminacije. Naglasila je i obvezu prijave osnovane sumnje na diskriminaciju pravobraniteljskim institucijama.<\/p>\n<p style=\"text-align: justify;\">Studentima je predstavila i naj\u010de\u0161\u0107a podru\u010dja i osnove diskriminacije u pritu\u017ebama gra\u0111ana u 2016., ali i rezultate najnovijeg <a href=\"http:\/\/site.ombudsman.hr\/wp-content\/uploads\/2017\/11\/attachments_article_1147_Istra%C5%BEivanje-diskriminacija-2016.pdf\">istra\u017eivanja o stavovima i razini svijesti o diskriminaciji i pojavnim oblicima diskriminacije.<\/a><\/p>\n<p style=\"text-align: justify;\">Predavanje je zavr\u0161ila prikazom nekih od prija\u0161njih antidiskriminacijskih kampanja pu\u010dkog pravobranitelja te odgovaranjem na pitanja studenata.<\/p>\n","protected":false},"excerpt":{"rendered":"<p>Zamjenica pu\u010dke pravobraniteljice Tena \u0160imonovi\u0107 Einwalter odr\u017eala je 3. studenoga 2017., na poziv Filozofskog fakulteta u Rijeci, predavanje na 5. rije\u010dkom interdisciplinarnom kongresu \u2013 RIK, pod nazivom \u201eSvi smo jednaki, ali neki su jednakiji&#8221;, na kojem se ove godine raspravljalo o temama ljudskih prava i dru\u0161tvene pravednosti.<\/p>\n","protected":false},"author":1,"featured_media":2971,"comment_status":"open","ping_status":"open","sticky":false,"template":"","format":"standard","meta":{"footnotes":""},"categories":[2090],"tags":[629],"class_list":["post-1841","post","type-post","status-publish","format-standard","has-post-thumbnail","hentry","category-novosti","tag-suzbijanje-diskriminacije"],"_links":{"self":[{"href":"https:\/\/www.ombudsman.hr\/hr\/wp-json\/wp\/v2\/posts\/1841","targetHints":{"allow":["GET"]}}],"collection":[{"href":"https:\/\/www.ombudsman.hr\/hr\/wp-json\/wp\/v2\/posts"}],"about":[{"href":"https:\/\/www.ombudsman.hr\/hr\/wp-json\/wp\/v2\/types\/post"}],"author":[{"embeddable":true,"href":"https:\/\/www.ombudsman.hr\/hr\/wp-json\/wp\/v2\/users\/1"}],"replies":[{"embeddable":true,"href":"https:\/\/www.ombudsman.hr\/hr\/wp-json\/wp\/v2\/comments?post=1841"}],"version-history":[{"count":2,"href":"https:\/\/www.ombudsman.hr\/hr\/wp-json\/wp\/v2\/posts\/1841\/revisions"}],"predecessor-version":[{"id":4690,"href":"https:\/\/www.ombudsman.hr\/hr\/wp-json\/wp\/v2\/posts\/1841\/revisions\/4690"}],"wp:featuredmedia":[{"embeddable":true,"href":"https:\/\/www.ombudsman.hr\/hr\/wp-json\/wp\/v2\/media\/2971"}],"wp:attachment":[{"href":"https:\/\/www.ombudsman.hr\/hr\/wp-json\/wp\/v2\/media?parent=1841"}],"wp:term":[{"taxonomy":"category","embeddable":true,"href":"https:\/\/www.ombudsman.hr\/hr\/wp-json\/wp\/v2\/categories?post=1841"},{"taxonomy":"post_tag","embeddable":true,"href":"https:\/\/www.ombudsman.hr\/hr\/wp-json\/wp\/v2\/tags?post=1841"}],"curies":[{"name":"wp","href":"https:\/\/api.w.org\/{rel}","templated":true}]}}