{"id":1835,"date":"2017-10-31T12:26:57","date_gmt":"2017-10-31T12:26:57","guid":{"rendered":"http:\/\/site.ombudsman.hr\/?p=1835"},"modified":"2019-07-02T12:34:47","modified_gmt":"2019-07-02T12:34:47","slug":"skriveno-beskucnistvo-u-hrvatskoj-izlozba-i-javna-rasprava","status":"publish","type":"post","link":"https:\/\/www.ombudsman.hr\/hr\/skriveno-beskucnistvo-u-hrvatskoj-izlozba-i-javna-rasprava\/","title":{"rendered":"\u201eSkriveno besku\u0107ni\u0161tvo\u201c u Hrvatskoj \u2013 izlo\u017eba i javna rasprava"},"content":{"rendered":"<p>Centar za razvoj neprofitnih organizacija (CERANEO) organizirao je 26. listopada 2017. u Knji\u017enici i \u010ditaonici Bogdana Ogrizovi\u0107a u Zagrebu javnu tribinu o \u201eskrivenom besku\u0107ni\u0161tvu\u201c, u sklopu koje su i prikazane fotografije na istu temu. Ovaj doga\u0111aj dio je trogodi\u0161njeg projekta \u201cOsna\u017eivanje besku\u0107nika, podr\u0161ka stru\u010dnjacima i izgradnja inovativnih modela skrbi o besku\u0107nicima\u201c.<\/p>\n<p><!--more--><\/p>\n<p>Ciljevi projekta su osna\u017eivanje besku\u0107nika znanjima i vje\u0161tinama potrebnim za integraciju u zajednicu, pru\u017eanje podr\u0161ke stru\u010dnjacima koji rade s besku\u0107nicima te razvijanje metodologije prikupljanja podataka o broju besku\u0107nika u RH. Poseban cilj je osvje\u0161tavanje javnost i klju\u010dnih dionika o problematici besku\u0107ni\u0161tva, s posebnim naglaskom na\u00a0zagovaranje \u0161ire definicije pojma besku\u0107nik prema ETHOS tipologiji besku\u0107ni\u0161tva i stambene isklju\u010denosti.<\/p>\n<p>Stru\u010dna suradnica CERANEO-a Iva Mrde\u017ea uvodno je predstavila projekt i rezultate postignute u prvoj godini njegove provedbe. Voditeljica projekta Petra Brato\u0161 govorila je o stanju besku\u0107ni\u0161tva u Hrvatskoj i potrebi \u0161irenja definicije pojma besku\u0107nik prema ETHOS tipologiji.<\/p>\n<p>O istoj potrebi govorila je tijekom rasprave i savjetnica pu\u010dke pravobraniteljice Nikica Frani\u0107 te istaknula kako pu\u010dka pravobraniteljica ve\u0107 dulji niz godina ukazuje na probleme besku\u0107ni\u0161tva, ali i potrebu dono\u0161enja Strategije o socijalnom stanovanju i Nacionalne strategije o besku\u0107ni\u0161tvu, s ciljem preveniranja ovog problema. Naime, Strategija borbe protiv siroma\u0161tva i socijalne isklju\u010denosti u RH 2014. do 2020. to podru\u010dje ne ure\u0111uje dovoljno. Savjetnica Frani\u0107 na kraju je ukazala i na druge probleme s kojim se susre\u0107u besku\u0107nici, a koji su opisani u <a href=\"http:\/\/site.ombudsman.hr\/?p=1359#page=98\"\">Izvje\u0161\u0107u pu\u010dke pravobraniteljice za 2016<\/a>.<\/p>\n<p>&nbsp;<\/p>\n","protected":false},"excerpt":{"rendered":"<p>Centar za razvoj neprofitnih organizacija (CERANEO) organizirao je 26. listopada 2017. u Knji\u017enici i \u010ditaonici Bogdana Ogrizovi\u0107a u Zagrebu javnu tribinu o \u201eskrivenom besku\u0107ni\u0161tvu\u201c, u sklopu koje su i prikazane fotografije na istu temu. Ovaj doga\u0111aj dio je trogodi\u0161njeg projekta \u201cOsna\u017eivanje besku\u0107nika, podr\u0161ka stru\u010dnjacima i izgradnja inovativnih modela skrbi o besku\u0107nicima\u201c.<\/p>\n","protected":false},"author":1,"featured_media":3390,"comment_status":"open","ping_status":"open","sticky":false,"template":"","format":"standard","meta":{"footnotes":""},"categories":[2090],"tags":[1288],"class_list":["post-1835","post","type-post","status-publish","format-standard","has-post-thumbnail","hentry","category-novosti","tag-zastita-i-promocija-ljudskih-prava"],"_links":{"self":[{"href":"https:\/\/www.ombudsman.hr\/hr\/wp-json\/wp\/v2\/posts\/1835","targetHints":{"allow":["GET"]}}],"collection":[{"href":"https:\/\/www.ombudsman.hr\/hr\/wp-json\/wp\/v2\/posts"}],"about":[{"href":"https:\/\/www.ombudsman.hr\/hr\/wp-json\/wp\/v2\/types\/post"}],"author":[{"embeddable":true,"href":"https:\/\/www.ombudsman.hr\/hr\/wp-json\/wp\/v2\/users\/1"}],"replies":[{"embeddable":true,"href":"https:\/\/www.ombudsman.hr\/hr\/wp-json\/wp\/v2\/comments?post=1835"}],"version-history":[{"count":2,"href":"https:\/\/www.ombudsman.hr\/hr\/wp-json\/wp\/v2\/posts\/1835\/revisions"}],"predecessor-version":[{"id":4692,"href":"https:\/\/www.ombudsman.hr\/hr\/wp-json\/wp\/v2\/posts\/1835\/revisions\/4692"}],"wp:featuredmedia":[{"embeddable":true,"href":"https:\/\/www.ombudsman.hr\/hr\/wp-json\/wp\/v2\/media\/3390"}],"wp:attachment":[{"href":"https:\/\/www.ombudsman.hr\/hr\/wp-json\/wp\/v2\/media?parent=1835"}],"wp:term":[{"taxonomy":"category","embeddable":true,"href":"https:\/\/www.ombudsman.hr\/hr\/wp-json\/wp\/v2\/categories?post=1835"},{"taxonomy":"post_tag","embeddable":true,"href":"https:\/\/www.ombudsman.hr\/hr\/wp-json\/wp\/v2\/tags?post=1835"}],"curies":[{"name":"wp","href":"https:\/\/api.w.org\/{rel}","templated":true}]}}