{"id":18171,"date":"2023-10-27T18:09:50","date_gmt":"2023-10-27T16:09:50","guid":{"rendered":"https:\/\/www.ombudsman.hr\/hr\/?p=18171"},"modified":"2023-11-30T12:19:27","modified_gmt":"2023-11-30T10:19:27","slug":"ecri-jev-godi-nji-seminar-2023-ja-anje-neovisnosti-i-u-inkovitosti-tijela-za-jednakost","status":"publish","type":"post","link":"https:\/\/www.ombudsman.hr\/hr\/ecri-jev-godi-nji-seminar-2023-ja-anje-neovisnosti-i-u-inkovitosti-tijela-za-jednakost\/","title":{"rendered":"ECRI-jev godi\u0161nji seminar 2023. &#8211; Ja\u010danje neovisnosti i u\u010dinkovitosti tijela za jednakost"},"content":{"rendered":"<p>Europska komisija protiv rasizma i netolerancije (ECRI) 27. listopada 2023. odr\u017eala je Godi\u0161nji seminar posve\u0107en temi ja\u010danja neovisnosti i u\u010dinkovitosti tijela za jednakost, uklju\u010duju\u0107i i ja\u010danjem suradnje s nacionalnim parlamentima. Na doga\u0111anju, organiziranom u suradnji s Europskom mre\u017eom tijela za jednakost (Equinet), sudjelovala je i pu\u010dka pravobraniteljica i \u010dlanica Europske komisije protiv rasizma i netolerancije Tena \u0160imonovi\u0107 Einwalter, uz Mariju Maroudu, predsjednicu ECRI-ja, Johna Howella, potpredsjednika Parlamentarne skup\u0161tine Vije\u0107a Europe (PACE), Marju Ruotanen, generalnu direktoricu za demokraciju i ljudsko dostojanstvo pri Vije\u0107u Europe te ostale predstavnike tijela za jednakost drugih zemalja \u010dlanica Vije\u0107a Europe, nacionalnih parlamenata i civilnog dru\u0161tva.<\/p>\n<p>Jedna od glavnih tema rasprave bila je <a href=\"https:\/\/www.coe.int\/en\/web\/european-commission-against-racism-and-intolerance\/recommendation-no.2\">ECRI-jeva Op\u0107a preporuka br. 2<\/a> (revidirana) o tijelima za jednakost u borbi protiv rasizma i netolerancije na nacionalnoj razini koja je, prije svega, posve\u0107ena postavljanju standarda za ova neovisna tijela vezano za osiguravanje njihove neovisnosti i pove\u0107anje u\u010dinkovitosti s ciljem unaprje\u0111enja jednakosti. Tijekom seminara bilo je rije\u010di i o predlo\u017eenim Direktivama EU-a o tijelima za jednakost i procesima njihovog usvajanja.<\/p>\n<p>O iskustvima i izazovima s kojima se tijela za jednakost suo\u010davaju, govorili su George Tugushi, biv\u0161i ombudsman Gruzije i biv\u0161i \u010dlan gruzijskog parlamenta te Adam Bodnar, biv\u0161i poljski ombudsman\/povjerenik za ljudska prava, a predstavljena su i istra\u017eivanje Equineta o interakciji izme\u0111u tijela za jednakost i parlamenata te istra\u017eivanje ECRI-ja o odnosu tijela za jednakost s nacionalnim vladama, parlamentima, drugim \u00a0institucijama i organizacijama civilnog dru\u0161tva.<\/p>\n<p>U sklopu seminara odr\u017eane su i dvije radionice, o suradnji nacionalnih tijela za jednakost i parlamenata te ona o klju\u010dnim izazovima i ograni\u010denjima s kojima se u svom radu susre\u0107u tijela za jednakost, koju je vodila pravobraniteljica \u0160imonovi\u0107 Einwalter, a koja je ujedno bila i izvjestiteljica za ovu temu.<\/p>\n","protected":false},"excerpt":{"rendered":"<p>Europska komisija protiv rasizma i netolerancije (ECRI) 27. listopada 2023. odr\u017eala je Godi\u0161nji seminar posve\u0107en temi ja\u010danja neovisnosti i u\u010dinkovitosti tijela za jednakost, uklju\u010duju\u0107i i ja\u010danjem suradnje s nacionalnim parlamentima. Na doga\u0111anju, organiziranom u suradnji s Europskom mre\u017eom tijela za jednakost (Equinet), sudjelovala je i pu\u010dka pravobraniteljica i \u010dlanica Europske komisije protiv rasizma i netolerancije [&hellip;]<\/p>\n","protected":false},"author":9,"featured_media":18180,"comment_status":"closed","ping_status":"closed","sticky":false,"template":"","format":"standard","meta":{"footnotes":""},"categories":[2090],"tags":[288,296,759,629],"class_list":["post-18171","post","type-post","status-publish","format-standard","has-post-thumbnail","hentry","category-novosti","tag-ecri","tag-equinet","tag-medunarodna-suradnja","tag-suzbijanje-diskriminacije"],"_links":{"self":[{"href":"https:\/\/www.ombudsman.hr\/hr\/wp-json\/wp\/v2\/posts\/18171","targetHints":{"allow":["GET"]}}],"collection":[{"href":"https:\/\/www.ombudsman.hr\/hr\/wp-json\/wp\/v2\/posts"}],"about":[{"href":"https:\/\/www.ombudsman.hr\/hr\/wp-json\/wp\/v2\/types\/post"}],"author":[{"embeddable":true,"href":"https:\/\/www.ombudsman.hr\/hr\/wp-json\/wp\/v2\/users\/9"}],"replies":[{"embeddable":true,"href":"https:\/\/www.ombudsman.hr\/hr\/wp-json\/wp\/v2\/comments?post=18171"}],"version-history":[{"count":1,"href":"https:\/\/www.ombudsman.hr\/hr\/wp-json\/wp\/v2\/posts\/18171\/revisions"}],"predecessor-version":[{"id":18181,"href":"https:\/\/www.ombudsman.hr\/hr\/wp-json\/wp\/v2\/posts\/18171\/revisions\/18181"}],"wp:featuredmedia":[{"embeddable":true,"href":"https:\/\/www.ombudsman.hr\/hr\/wp-json\/wp\/v2\/media\/18180"}],"wp:attachment":[{"href":"https:\/\/www.ombudsman.hr\/hr\/wp-json\/wp\/v2\/media?parent=18171"}],"wp:term":[{"taxonomy":"category","embeddable":true,"href":"https:\/\/www.ombudsman.hr\/hr\/wp-json\/wp\/v2\/categories?post=18171"},{"taxonomy":"post_tag","embeddable":true,"href":"https:\/\/www.ombudsman.hr\/hr\/wp-json\/wp\/v2\/tags?post=18171"}],"curies":[{"name":"wp","href":"https:\/\/api.w.org\/{rel}","templated":true}]}}