{"id":17975,"date":"2023-10-09T14:49:31","date_gmt":"2023-10-09T12:49:31","guid":{"rendered":"https:\/\/www.ombudsman.hr\/hr\/?p=17975"},"modified":"2023-10-10T09:38:37","modified_gmt":"2023-10-10T07:38:37","slug":"svjetski-dan-beskucnika-nevidljivi-ali-i-zaboravljeni","status":"publish","type":"post","link":"https:\/\/www.ombudsman.hr\/hr\/svjetski-dan-beskucnika-nevidljivi-ali-i-zaboravljeni\/","title":{"rendered":"Svjetski dan besku\u0107nika \u2013 nevidljivi, ali i zaboravljeni?"},"content":{"rendered":"<p>Hrvatska treba pru\u017eiti sna\u017eniju i zna\u010dajniju podr\u0161ku besku\u0107nicima, jednoj od najranjivijih skupina na\u0161eg dru\u0161tva. To bi trebalo uklju\u010divati za\u0161titu njihovih prava, idealno i podr\u0161ku za izlazak iz besku\u0107ni\u0161tva, a ve\u0107i napori nu\u017eni su i za prevenciju situacija u kojima ljudi ostaju bez krova nad glavom. Prilika za podizanje svijesti o tome je i Svjetski dan besku\u0107nika, koji se obilje\u017eava 10. listopada.<\/p>\n<p>Nije poznato koliko to\u010dno ljudi u Hrvatskoj \u017eive kao besku\u0107nici, ali je zbog rasta osnovnih \u017eivotnih tro\u0161kova, posebno velikog poskupljenja najma stanova ve\u0107i broj ljudi u riziku da ostane bez doma. Pri tome, pod trenutnim pojmom besku\u0107nika nisu obuhva\u0107eni ni svi oni koji \u017eive u nesigurnom i potpuno neadekvatnom prostoru. Posljedice klimatskih promjena tako\u0111er ostavljaju traga u ovom podru\u010dju \u2013 oluje i ekstremne vru\u0107ine koje su ve\u0107 postale na\u0161a stvarnost posebno ugro\u017eavaju ljude na ulici i poja\u010davaju potrebu za sigurnim krovom nad glavom.<\/p>\n<p>Istovremeno, Hrvatska nema stambenu strategiju niti politiku socijalnog stanovanja. Na to je pu\u010dka pravobraniteljica upozorila i u komentarima na Nacrt prijedloga Zakona o upravljanju nekretninama i pokretninama u vlasni\u0161tvu Republike Hrvatske. Vi\u0161e o tome <a href=\"https:\/\/www.ombudsman.hr\/hr\/komentari-na-nacrt-prijedloga-zakona-o-upravljanju-nekretninama-i-pokretninama-u-vlasnistvu-republike-hrvatske\/\">mo\u017eete doznati ovdje<\/a>.<\/p>\n<p><strong>\u00a0<\/strong><\/p>\n<h3>\u0160to zna\u010di biti besku\u0107nik?<\/h3>\n<p>Besku\u0107nicima su ugro\u017eena brojna prava, a donositeljima odluka i gra\u0111anima su \u010desto nevidljivi. Stigmatizirani su i izlo\u017eeni predrasudama pa tako svaki peti gra\u0111anin misli da su besku\u0107nici sami krivi za svoju situaciju, pokazalo je <a href=\"https:\/\/www.ombudsman.hr\/hr\/rezultati-najnovijeg-istrazivanja-o-diskriminaciji\/\">istra\u017eivanje pu\u010dke pravobraniteljice o percepciji i pojavama diskriminacije<\/a>.<\/p>\n<p>Mnogi besku\u0107nici ne mogu ostvariti pravo na zdravstvenu za\u0161titu, naj\u010de\u0161\u0107e jer nemaju regulirano prebivali\u0161te. Pri tom, dio podru\u010dnih ureda Hrvatskog zavoda za socijalni rad, koji su se do nedavno zvali centri za socijalnu skrb, u praksi ih ne prijavljuju uvijek na svoju adresu pa ne mogu regulirati prebivali\u0161te. Za\u010darani krug se tako nastavlja jer im je prebivali\u0161te nu\u017eno za dolazak do osnovnih dokumenata i prava.<\/p>\n<p>Potrebno je ja\u010dati me\u0111uresornu suradnju dr\u017eavnih tijela me\u0111usobno, ali i s lokalnom i podru\u010dnom razinom vlasti. Pri tome, upravo lokalna razina treba pru\u017eiti sustavnu podr\u0161ku besku\u0107nicima, \u0161to dio njih ne radi. Naime, nemaju svi veliki gradovi i gradovi sjedi\u0161ta \u017eupanije prihvatili\u0161ta za besku\u0107nike, iako su prema Zakonu o socijalnoj skrbi du\u017eni osigurati sredstva za njih.<\/p>\n<p>Na\u017ealost, besku\u0107nici pre\u010desto ostaju u \u201eprivremenom smje\u0161taju\u201c preko godinu dana, \u0161to je rezultat , izme\u0111u ostalog, i nedostatka stambene strategije i politike socijalnog stanovanja.<\/p>\n<p>Sna\u017enu podr\u0161ku besku\u0107nicima pru\u017eaju i va\u017enu ulogu u radu s njima imaju i nevladine udruge i vjerske zajednice. Na\u017ealost, natje\u010daji pomo\u0107u kojih osiguravaju sredstva za svoj rad s besku\u0107nicima nisu dugoro\u010dno, a natje\u010daji znaju i kasniti, \u0161to dovodi do prekida u financiranju programa podr\u0161ke besku\u0107nicima.<\/p>\n<p>Potrebno je i prekinuti ka\u017enjavanje besku\u0107nika kada prose za hranu ili spavaju na ulici, primjerice kada nema preno\u0107i\u0161ta, \u0161to su situacije koje u svojim \u017eivotnim okolnostima \u010desto ne mogu izbje\u0107i. Za ovu promjenu \u0107e se pu\u010dka pravobraniteljica zalagati kroz \u010dlanstvo u radnoj skupini za izradu novog Zakona o prekr\u0161ajima protiv javnog reda i mira.<\/p>\n<p>\u0160to doista zna\u010di biti besku\u0107nik, mo\u017eete doznati u na\u0161em razgovoru s nekoliko ljudi koji su se na\u0161li u toj situaciji. Razgovarali smo i s ljudima kojima je posao pomagati besku\u0107nicima, a <a href=\"https:\/\/www.ombudsman.hr\/hr\/svjetski-dan-beskucnika-2022-pogled-kroz-oci-ljudi-koji-im-pomazu-svaki-dan\/\">njihove pri\u010de mo\u017eete pro\u010ditati ovdje<\/a>.<\/p>\n<p>&nbsp;<\/p>\n<h3>Preporuke pu\u010dke pravobraniteljice vezane uz besku\u0107ni\u0161tvo<\/h3>\n<p>Kako naprijed? Boljoj za\u0161titi prava besku\u0107nika, sna\u017enijoj podr\u0161ci za izlazak iz besku\u0107ni\u0161tva, ali i prevenciji besku\u0107ni\u0161tva, doprinijelo bi i provo\u0111enje preporuka iz Izvje\u0161\u0107a pu\u010dke pravobraniteljice za 2022. godinu.<\/p>\n<ul>\n<li>Ministarstvu rada, mirovinskog sustava, obitelji i socijalne politike:\n<ul>\n<li>da izradi Nacionalnu strategiju za borbu protiv besku\u0107ni\u0161tva<\/li>\n<li>da izradi Protokol o postupanju kojim bi se definirale obveze svih uklju\u010denih u za\u0161titi prava besku\u0107nika<\/li>\n<li>da osigura dugoro\u010dnije i pravovremeno financiranje aktivnosti pomo\u0107i i podr\u0161ke besku\u0107nicima<\/li>\n<li>da s Hrvatskim zavodom za socijalni rad vodi evidenciju o broju besku\u0107nika (u skladu s definicijom besku\u0107nika iz novog Zakona o socijalnoj skrbi)<\/li>\n<\/ul>\n<\/li>\n<li>Ministarstvu prostornog ure\u0111enja, graditeljstva i dr\u017eavne imovine:\n<ul>\n<li>da izradi Stambenu strategiju koja bi obuhvatila i sve socijalno ugro\u017eene skupine i u njenu izradu uklju\u010di sva dr\u017eavna tijela koja se bave stanovanjem, jedinice lokalne i podru\u010dne (regionalne) samouprave, organizacije civilnog dru\u0161tva, stru\u010dne komore i udru\u017eenja.<\/li>\n<\/ul>\n<\/li>\n<\/ul>\n<p>Na\u017ealost, u Mi\u0161ljenju Vlade Republike Hrvatske na Izvje\u0161\u0107e pu\u010dke pravobraniteljice za 2022. godinu nema povratnih informacija o ovim preporukama.<\/p>\n<p>Vi\u0161e o pravima besku\u0107nika <a href=\"https:\/\/www.ombudsman.hr\/hr\/socijalna-skrb-siromastvo-i-ljudska-prava-2\/#beskucnici\">mo\u017eete pro\u010ditati ovdje<\/a>.<\/p>\n","protected":false},"excerpt":{"rendered":"<p>Hrvatska treba pru\u017eiti sna\u017eniju i zna\u010dajniju podr\u0161ku besku\u0107nicima, jednoj od najranjivijih skupina na\u0161eg dru\u0161tva. To bi trebalo uklju\u010divati za\u0161titu njihovih prava, idealno i podr\u0161ku za izlazak iz besku\u0107ni\u0161tva, a ve\u0107i napori nu\u017eni su i za prevenciju situacija u kojima ljudi ostaju bez krova nad glavom. Prilika za podizanje svijesti o tome je i Svjetski dan [&hellip;]<\/p>\n","protected":false},"author":3,"featured_media":12604,"comment_status":"closed","ping_status":"closed","sticky":false,"template":"","format":"standard","meta":{"footnotes":""},"categories":[2090],"tags":[605,1872,1852,1848,1869],"class_list":["post-17975","post","type-post","status-publish","format-standard","has-post-thumbnail","hentry","category-novosti","tag-stanovanje","tag-beskucnici","tag-socijalno-ugrozeni","tag-statusna-prava","tag-zdravstvena-zastita"],"_links":{"self":[{"href":"https:\/\/www.ombudsman.hr\/hr\/wp-json\/wp\/v2\/posts\/17975","targetHints":{"allow":["GET"]}}],"collection":[{"href":"https:\/\/www.ombudsman.hr\/hr\/wp-json\/wp\/v2\/posts"}],"about":[{"href":"https:\/\/www.ombudsman.hr\/hr\/wp-json\/wp\/v2\/types\/post"}],"author":[{"embeddable":true,"href":"https:\/\/www.ombudsman.hr\/hr\/wp-json\/wp\/v2\/users\/3"}],"replies":[{"embeddable":true,"href":"https:\/\/www.ombudsman.hr\/hr\/wp-json\/wp\/v2\/comments?post=17975"}],"version-history":[{"count":4,"href":"https:\/\/www.ombudsman.hr\/hr\/wp-json\/wp\/v2\/posts\/17975\/revisions"}],"predecessor-version":[{"id":17981,"href":"https:\/\/www.ombudsman.hr\/hr\/wp-json\/wp\/v2\/posts\/17975\/revisions\/17981"}],"wp:featuredmedia":[{"embeddable":true,"href":"https:\/\/www.ombudsman.hr\/hr\/wp-json\/wp\/v2\/media\/12604"}],"wp:attachment":[{"href":"https:\/\/www.ombudsman.hr\/hr\/wp-json\/wp\/v2\/media?parent=17975"}],"wp:term":[{"taxonomy":"category","embeddable":true,"href":"https:\/\/www.ombudsman.hr\/hr\/wp-json\/wp\/v2\/categories?post=17975"},{"taxonomy":"post_tag","embeddable":true,"href":"https:\/\/www.ombudsman.hr\/hr\/wp-json\/wp\/v2\/tags?post=17975"}],"curies":[{"name":"wp","href":"https:\/\/api.w.org\/{rel}","templated":true}]}}