{"id":1790,"date":"2017-09-04T12:26:00","date_gmt":"2017-09-04T12:26:00","guid":{"rendered":"http:\/\/site.ombudsman.hr\/?p=1790"},"modified":"2019-05-15T12:13:00","modified_gmt":"2019-05-15T12:13:00","slug":"trodnevni-obilazak-vukovarsko-srijemske-zupanije","status":"publish","type":"post","link":"https:\/\/www.ombudsman.hr\/hr\/trodnevni-obilazak-vukovarsko-srijemske-zupanije\/","title":{"rendered":"Trodnevni obilazak Vukovarsko-srijemske \u017eupanije"},"content":{"rendered":"<p>Pu\u010dka pravobraniteljica Lora Vidovi\u0107a sa savjetnicima je od 30. kolovoza do 1. rujna boravila u Vukovarsko-srijemskoj \u017eupaniji. Primanje gra\u0111ana, obilazak terena i razgovori s nadle\u017enim tijelima i drugim dionicima dio su aktivnosti pomo\u0107u kojih se pravobraniteljica i njezini suradnici detaljnije upoznaju sa problemima na terenu. Ovo je peta \u017eupanija koju \u0107e obi\u0107i, nakon Po\u017ee\u0161ko-slavonske, Osje\u010dko-baranjske, Zadarske i Sisa\u010dko-moslava\u010dke.<\/p>\n<p>Stanovnici Vukovarsko-srijemske \u017eupanije koji smatraju da su im ugro\u017eena ili prekr\u0161ena ljudska prava ili da su diskriminirani, tom su prilikom o svojim problemima razgovarali s pu\u010dkom pravobraniteljicom Lorom Vidovi\u0107 na tribini u Babinoj Gredi te s njezinim savjetnicima na primanju gra\u0111ana u Vukovaru, Borovu, Vinkovcima, Otoku te Gunji. Posjet je jo\u0161 uklju\u010divao i Tovarnik.<\/p>\n<p><!--more--><\/p>\n<p>O do sada uo\u010denom stanju u ruralnim podru\u010djima izvijestila je Hrvatski sabor <a href=\"http:\/\/site.ombudsman.hr\/?p=1359#page=110\">u Izvje\u0161\u0107u pu\u010dke pravobraniteljice za 2016. godinu<\/a>. U njemu se nalaze i preporuke za uklanjanje sustavnih problema, me\u0111u kojima i one vezane uz neravnomjeran regionalni razvoj, poput osiguranja dostupnosti pitke vode, zdravstvenih i ostalih javnih usluga stanovnicima te potrebu uklju\u010divanja jedinica regionalne i lokalne samouprave u pripremu propisa i javnih politika koje se na njih odnose.<\/p>\n<p><a href=\"https:\/\/site2.ombudsman.hr\/wp-content\/uploads\/2017\/09\/images_posjet_vukovaru_Lora_mediji_izjava-1.jpg\"><img decoding=\"async\" class=\" alignleft size-full wp-image-1752\" style=\"margin-right: 10px; float: left;\" src=\"https:\/\/site2.ombudsman.hr\/wp-content\/uploads\/2017\/09\/images_posjet_vukovaru_Lora_mediji_izjava-1.jpg\" alt=\"posjet vukovaru Lora mediji izjava\" width=\"200\" height=\"150\" \/><\/a><a href=\"https:\/\/site2.ombudsman.hr\/wp-content\/uploads\/2017\/09\/images_Posjet_Vukovar_Lora_izjava_mediji-1.jpg\"><img decoding=\"async\" class=\" alignleft size-full wp-image-1754\" style=\"margin-right: 10px; float: left;\" src=\"https:\/\/site2.ombudsman.hr\/wp-content\/uploads\/2017\/09\/images_Posjet_Vukovar_Lora_izjava_mediji-1.jpg\" alt=\"Posjet Vukovar Lora izjava mediji\" width=\"200\" height=\"150\" \/><\/a><\/p>\n<p><a href=\"https:\/\/site2.ombudsman.hr\/wp-content\/uploads\/2017\/09\/images_posjet_vukovaru-1.jpg\"><img decoding=\"async\" class=\" alignleft size-full wp-image-1756\" style=\"margin-right: 10px; float: left;\" src=\"https:\/\/site2.ombudsman.hr\/wp-content\/uploads\/2017\/09\/images_posjet_vukovaru-1.jpg\" alt=\"posjet vukovaru\" width=\"200\" height=\"150\" \/><\/a><\/p>\n<p><a href=\"https:\/\/site2.ombudsman.hr\/wp-content\/uploads\/2017\/09\/images_posjeta_vukovar_celnici_VU-1.jpg\"><img loading=\"lazy\" decoding=\"async\" class=\" alignleft size-full wp-image-1758\" style=\"margin-right: 10px; float: left;\" src=\"https:\/\/site2.ombudsman.hr\/wp-content\/uploads\/2017\/09\/images_posjeta_vukovar_celnici_VU-1.jpg\" alt=\"posjeta vukovar celnici VU\" width=\"200\" height=\"150\" \/><\/a><\/p>\n<p><a href=\"https:\/\/site2.ombudsman.hr\/wp-content\/uploads\/2017\/09\/images_posjeta_vukovar__sastanak-1.jpg\"><img loading=\"lazy\" decoding=\"async\" class=\" alignleft size-full wp-image-1760\" style=\"margin-right: 10px; float: left;\" src=\"https:\/\/site2.ombudsman.hr\/wp-content\/uploads\/2017\/09\/images_posjeta_vukovar__sastanak-1.jpg\" alt=\"posjeta vukovar sastanak\" width=\"200\" height=\"150\" \/><\/a><\/p>\n","protected":false},"excerpt":{"rendered":"<p>Pu\u010dka pravobraniteljica Lora Vidovi\u0107a sa savjetnicima je od 30. kolovoza do 1. rujna boravila u Vukovarsko-srijemskoj \u017eupaniji. Primanje gra\u0111ana, obilazak terena i razgovori s nadle\u017enim tijelima i drugim dionicima dio su aktivnosti pomo\u0107u kojih se pravobraniteljica i njezini suradnici detaljnije upoznaju sa problemima na terenu. Ovo je peta \u017eupanija koju \u0107e obi\u0107i, nakon Po\u017ee\u0161ko-slavonske, Osje\u010dko-baranjske, [&hellip;]<\/p>\n","protected":false},"author":1,"featured_media":1749,"comment_status":"open","ping_status":"open","sticky":false,"template":"","format":"standard","meta":{"footnotes":""},"categories":[2090],"tags":[1288],"class_list":["post-1790","post","type-post","status-publish","format-standard","has-post-thumbnail","hentry","category-novosti","tag-zastita-i-promocija-ljudskih-prava"],"_links":{"self":[{"href":"https:\/\/www.ombudsman.hr\/hr\/wp-json\/wp\/v2\/posts\/1790","targetHints":{"allow":["GET"]}}],"collection":[{"href":"https:\/\/www.ombudsman.hr\/hr\/wp-json\/wp\/v2\/posts"}],"about":[{"href":"https:\/\/www.ombudsman.hr\/hr\/wp-json\/wp\/v2\/types\/post"}],"author":[{"embeddable":true,"href":"https:\/\/www.ombudsman.hr\/hr\/wp-json\/wp\/v2\/users\/1"}],"replies":[{"embeddable":true,"href":"https:\/\/www.ombudsman.hr\/hr\/wp-json\/wp\/v2\/comments?post=1790"}],"version-history":[{"count":1,"href":"https:\/\/www.ombudsman.hr\/hr\/wp-json\/wp\/v2\/posts\/1790\/revisions"}],"predecessor-version":[{"id":5141,"href":"https:\/\/www.ombudsman.hr\/hr\/wp-json\/wp\/v2\/posts\/1790\/revisions\/5141"}],"wp:featuredmedia":[{"embeddable":true,"href":"https:\/\/www.ombudsman.hr\/hr\/wp-json\/wp\/v2\/media\/1749"}],"wp:attachment":[{"href":"https:\/\/www.ombudsman.hr\/hr\/wp-json\/wp\/v2\/media?parent=1790"}],"wp:term":[{"taxonomy":"category","embeddable":true,"href":"https:\/\/www.ombudsman.hr\/hr\/wp-json\/wp\/v2\/categories?post=1790"},{"taxonomy":"post_tag","embeddable":true,"href":"https:\/\/www.ombudsman.hr\/hr\/wp-json\/wp\/v2\/tags?post=1790"}],"curies":[{"name":"wp","href":"https:\/\/api.w.org\/{rel}","templated":true}]}}