{"id":1781,"date":"2017-09-22T13:29:58","date_gmt":"2017-09-22T13:29:58","guid":{"rendered":"http:\/\/site.ombudsman.hr\/?p=1781"},"modified":"2019-05-22T13:40:52","modified_gmt":"2019-05-22T13:40:52","slug":"zastita-starijih-u-fokusu-medunarodne-konferencije-u-juznoj-koreji-2","status":"publish","type":"post","link":"https:\/\/www.ombudsman.hr\/hr\/zastita-starijih-u-fokusu-medunarodne-konferencije-u-juznoj-koreji-2\/","title":{"rendered":"Za\u0161tita starijih u fokusu me\u0111unarodne konferencije u Ju\u017enoj Koreji"},"content":{"rendered":"<p>Ljudska prava starijih osoba bila su sredi\u0161nja tema razgovora institucija za za\u0161titu ljudskih prava iz Europe i Azije, predstavnika Ujedinjenih naroda i nevladinih organizacija koji su se od 19. do 21. rujna 2017. okupili u Seulu, na Drugoj konferenciji Azijsko europskog sastanka (ASEM), u organizaciji Komisije za ljudska prava Ju\u017ene Koreje.<\/p>\n<p><!--more--><\/p>\n<p>\u201eStariji u Hrvatskoj \u010desto \u017eive u izoliranim podru\u010djima, bez odgovaraju\u0107ih socijalnih usluga &#8211; u siroma\u0161tvu, isklju\u010deni iz dru\u0161tva. Njihova prava zagovaramo kroz rad na pojedina\u010dnim pritu\u017ebama, ali i utjecanjem na javne politike, podizanjem svijesti o ljudskim pravima te suradnjom na nacionalnoj, europskoj i globalnoj razini\u201c, rekla je pu\u010dka pravobraniteljica Lora Vidovi\u0107. Govore\u0107i o stanju ljudskih prava starijih u Hrvatskoj i njihovoj diskriminaciji, sudionicima je predstavila i primjere pozitivnih promjena, poput <a href=\"http:\/\/site.ombudsman.hr\/?p=1681\">uvr\u0161tavanja<\/a> ove skupine kao ranjive u Zakon o za\u0161titi od nasilja u obitelji ili \u010dinjenicu da je predvi\u0111eno uvo\u0111enje statusa njegovatelja za osobe koje se brinu za starije \u010dlanove svoje obitelji.<\/p>\n<p>Tijekom boravka u Seulu, pu\u010dka pravobraniteljice sudjelovala je i na sastanku radne skupine Globalnog saveza nacionalnih institucija za ljudska prava (GANHRI), gdje je predstavila projekt o pravima starijih u dugotrajnoj institucionalnoj skrbi. Projekt Europske mre\u017ee nacionalnih institucija za ljudska prava (ENNHRI), kojom pravobraniteljica predsjeda, provodio se u \u0161est europskih zemalja, me\u0111u kojima je i Hrvatska. \u201eBio je izazov identificirati prava starijih u dugotrajnoj institucionalnoj skrbi, jer su prisutna u vi\u0161e me\u0111unarodnih dokumenata, a nisu ni sveobuhvatna. Zato je potrebno donijeti konvenciju o pravima starijih\u201c, zaklju\u010dila je pravobraniteljica.<\/p>\n<p>Vi\u0161e o konferenciji mo\u017eete doznati <a href=\"http:\/\/www.2017asemhr.kr\/eng\/intro\/intro.php\">ovdje<\/a>, a o projektu ENNHRI-ja <a href=\"https:\/\/t.co\/9hNkDtNbBD\">ovdje<\/a>.<\/p>\n<p>&nbsp;<\/p>\n<p><img decoding=\"async\" class=\" alignleft size-full wp-image-1764\" style=\"margin-right: 10px; float: left;\" src=\"http:\/\/site.ombudsman.hr\/wp-content\/uploads\/2017\/09\/images_Ju%C5%BEna_Koreja_ASEM_rujan_2017.jpg\" alt=\"Ju\u017ena Koreja ASEM rujan 2017\" width=\"200\" height=\"113\" \/><\/p>\n<p><img decoding=\"async\" class=\" alignleft size-full wp-image-1765\" style=\"margin-right: 10px; float: left;\" src=\"http:\/\/site.ombudsman.hr\/wp-content\/uploads\/2017\/09\/images_Ju%C5%BEna_Koreja_ASEM_rujan_2017_-_2.jpg\" alt=\"Ju\u017ena Koreja ASEM rujan 2017 2\" width=\"200\" height=\"113\" \/><\/p>\n","protected":false},"excerpt":{"rendered":"<p>Ljudska prava starijih osoba bila su sredi\u0161nja tema razgovora institucija za za\u0161titu ljudskih prava iz Europe i Azije, predstavnika Ujedinjenih naroda i nevladinih organizacija koji su se od 19. do 21. rujna 2017. okupili u Seulu, na Drugoj konferenciji Azijsko europskog sastanka (ASEM), u organizaciji Komisije za ljudska prava Ju\u017ene Koreje.<\/p>\n","protected":false},"author":1,"featured_media":1763,"comment_status":"open","ping_status":"open","sticky":false,"template":"","format":"standard","meta":{"footnotes":""},"categories":[2090],"tags":[294,313,759,761,607,433,1288],"class_list":["post-1781","post","type-post","status-publish","format-standard","has-post-thumbnail","hentry","category-novosti","tag-ennhri","tag-ganhri","tag-medunarodna-suradnja","tag-npm","tag-starije-osobe","tag-nacionalni-preventivni-mehanizam-npm","tag-zastita-i-promocija-ljudskih-prava"],"_links":{"self":[{"href":"https:\/\/www.ombudsman.hr\/hr\/wp-json\/wp\/v2\/posts\/1781","targetHints":{"allow":["GET"]}}],"collection":[{"href":"https:\/\/www.ombudsman.hr\/hr\/wp-json\/wp\/v2\/posts"}],"about":[{"href":"https:\/\/www.ombudsman.hr\/hr\/wp-json\/wp\/v2\/types\/post"}],"author":[{"embeddable":true,"href":"https:\/\/www.ombudsman.hr\/hr\/wp-json\/wp\/v2\/users\/1"}],"replies":[{"embeddable":true,"href":"https:\/\/www.ombudsman.hr\/hr\/wp-json\/wp\/v2\/comments?post=1781"}],"version-history":[{"count":1,"href":"https:\/\/www.ombudsman.hr\/hr\/wp-json\/wp\/v2\/posts\/1781\/revisions"}],"predecessor-version":[{"id":5124,"href":"https:\/\/www.ombudsman.hr\/hr\/wp-json\/wp\/v2\/posts\/1781\/revisions\/5124"}],"wp:featuredmedia":[{"embeddable":true,"href":"https:\/\/www.ombudsman.hr\/hr\/wp-json\/wp\/v2\/media\/1763"}],"wp:attachment":[{"href":"https:\/\/www.ombudsman.hr\/hr\/wp-json\/wp\/v2\/media?parent=1781"}],"wp:term":[{"taxonomy":"category","embeddable":true,"href":"https:\/\/www.ombudsman.hr\/hr\/wp-json\/wp\/v2\/categories?post=1781"},{"taxonomy":"post_tag","embeddable":true,"href":"https:\/\/www.ombudsman.hr\/hr\/wp-json\/wp\/v2\/tags?post=1781"}],"curies":[{"name":"wp","href":"https:\/\/api.w.org\/{rel}","templated":true}]}}