{"id":1742,"date":"2017-09-07T14:27:20","date_gmt":"2017-09-07T14:27:20","guid":{"rendered":"http:\/\/site.ombudsman.hr\/?p=1742"},"modified":"2019-05-19T15:54:48","modified_gmt":"2019-05-19T15:54:48","slug":"priopcenje-o-testiranju-u-vezi-raspisanog-javnog-natjecaja-za-prijam-u-drzavnu-sluzbu-na-neodredeno-vrijeme-u-ured-pucke-pravobraniteljice-objavljen-u-narodnim-novinama-broj-69-17-od-14-srpnja-2017-go","status":"publish","type":"post","link":"https:\/\/www.ombudsman.hr\/hr\/priopcenje-o-testiranju-u-vezi-raspisanog-javnog-natjecaja-za-prijam-u-drzavnu-sluzbu-na-neodredeno-vrijeme-u-ured-pucke-pravobraniteljice-objavljen-u-narodnim-novinama-broj-69-17-od-14-srpnja-2017-go\/","title":{"rendered":"Priop\u0107enje o testiranju kandidata za radna mjesta u Uredu pu\u010dke pravobraniteljice"},"content":{"rendered":"<p>U vezi raspisanog Javnog natje\u010daja za prijam u dr\u017eavnu slu\u017ebu na neodre\u0111eno vrijeme u Ured pu\u010dke pravobraniteljice objavljen u Narodnim novinama broj 69\/17 od 14.srpnja 2017.godine, odr\u017eat \u0107e se testiranje kandidata\/kinja koji ispunjavaju formalne uvjete natje\u010daja.<\/p>\n<p><!--more--><\/p>\n<p>Za mjesto\u00a0Savjetnik\/savjetnica pu\u010dke pravobraniteljice za pravne poslove\u00a0u<strong> Podru\u010dnom uredu u Splitu<\/strong> \u00a0testiranje kandidata koji ispunjavaju formalne uvjete natje\u010daja\u00a0\u00a0\u0107e se odr\u017eati:\u00a0\u00a0<strong>18. rujna 2017. godine s po\u010detkom u 9,00 sati \u00a0u\u00a0Visoka \u0161kola Aspira, Domovinskog rata 65, Split.<\/strong><\/p>\n<p>Za mjesto\u00a0Stru\u010dni suradnik za pravne poslove\u00a0<strong>u sjedi\u0161tu Ureda u Zagrebu\u00a0<\/strong>testiranje kandidata koji ispunjavaju formalne uvjete natje\u010daja\u00a0\u00a0\u0107e se odr\u017eati:\u00a0<strong>14. \u00a0rujna 2017. godine \u00a0s po\u010detkom u 9,00 \u00a0sati u Ministarstvu\u00a0 uprave, \u00a0Maksimirska 63, Zagreb<br \/>\n<\/strong><\/p>\n<p>Za mjesto \u00a0u\u00a0SLU\u017dBI ZA OP\u0106E POSLOVE (Odjel za ra\u010dunovodstvo i\u00a0 uredsko poslovanje\/Pododsjek za uredsko poslovanje i organizaciju rada)<strong> u sjedi\u0161tu u Zagrebu,<\/strong> testiranje\u00a0kandidata koji ispunjavaju formalne uvjete natje\u010daja\u00a0\u00a0\u0107e se odr\u017eati:\u00a0<strong>15. \u00a0rujna 2017. godine \u00a0s po\u010detkom u 9,00 sati u Ministarstvu\u00a0 uprave,\u00a0 Maksimirska 63, Zagreb<\/strong><\/p>\n<p>Testiranje se sastoji od\u00a0 provjere poznavanja osnova ustavnog ustrojstva Republike Hrvatske, provjere znanja, sposobnosti i vje\u0161tina bitnih za obavljanje poslova radnog mjesta i poznavanje rada na ra\u010dunalu.<\/p>\n<p style=\"line-height: 115%;\">Datum i vrijeme intervjua (razgovora) s kandidatima koji uspje\u0161no polo\u017ee test, bit \u0107e objavljen naknadno.<\/p>\n<p>Cijeli tekst priop\u0107enja o testiranju mo\u017eete pro\u010ditati u privitku.<\/p>\n<p><a href=\"https:\/\/site2.ombudsman.hr\/wp-content\/uploads\/2017\/09\/PRIOP\u0106ENJE-O-TESTIRANJU.pdf\">PRIOP\u0106ENJE O TESTIRANJU<\/a><\/p>\n<p>&nbsp;<\/p>\n<p>Ranije objavljene izvore za pripremanje kandidata za testiranje mo\u017eete prona\u0107i<span style=\"color: #1f497d;\"><a href=\"http:\/\/site.ombudsman.hr\/?p=1738\">\u00a0ovdje<\/a><\/span>, a opis poslova i mjerila za odre\u0111ivanje pla\u0107e mo\u017eete prona\u0107i <a href=\"http:\/\/site.ombudsman.hr\/?p=1727\"> ovdje.<\/a><\/p>\n<p style=\"margin-bottom: 0.0001pt; text-align: justify;\">\n<p>&nbsp;<\/p>\n","protected":false},"excerpt":{"rendered":"<p>U vezi raspisanog Javnog natje\u010daja za prijam u dr\u017eavnu slu\u017ebu na neodre\u0111eno vrijeme u Ured pu\u010dke pravobraniteljice objavljen u Narodnim novinama broj 69\/17 od 14.srpnja 2017.godine, odr\u017eat \u0107e se testiranje kandidata\/kinja koji ispunjavaju formalne uvjete natje\u010daja.<\/p>\n","protected":false},"author":1,"featured_media":2971,"comment_status":"open","ping_status":"open","sticky":false,"template":"","format":"standard","meta":{"footnotes":""},"categories":[168],"tags":[],"class_list":["post-1742","post","type-post","status-publish","format-standard","has-post-thumbnail","hentry","category-natjecaji-interni-oglasi"],"_links":{"self":[{"href":"https:\/\/www.ombudsman.hr\/hr\/wp-json\/wp\/v2\/posts\/1742","targetHints":{"allow":["GET"]}}],"collection":[{"href":"https:\/\/www.ombudsman.hr\/hr\/wp-json\/wp\/v2\/posts"}],"about":[{"href":"https:\/\/www.ombudsman.hr\/hr\/wp-json\/wp\/v2\/types\/post"}],"author":[{"embeddable":true,"href":"https:\/\/www.ombudsman.hr\/hr\/wp-json\/wp\/v2\/users\/1"}],"replies":[{"embeddable":true,"href":"https:\/\/www.ombudsman.hr\/hr\/wp-json\/wp\/v2\/comments?post=1742"}],"version-history":[{"count":3,"href":"https:\/\/www.ombudsman.hr\/hr\/wp-json\/wp\/v2\/posts\/1742\/revisions"}],"predecessor-version":[{"id":4977,"href":"https:\/\/www.ombudsman.hr\/hr\/wp-json\/wp\/v2\/posts\/1742\/revisions\/4977"}],"wp:featuredmedia":[{"embeddable":true,"href":"https:\/\/www.ombudsman.hr\/hr\/wp-json\/wp\/v2\/media\/2971"}],"wp:attachment":[{"href":"https:\/\/www.ombudsman.hr\/hr\/wp-json\/wp\/v2\/media?parent=1742"}],"wp:term":[{"taxonomy":"category","embeddable":true,"href":"https:\/\/www.ombudsman.hr\/hr\/wp-json\/wp\/v2\/categories?post=1742"},{"taxonomy":"post_tag","embeddable":true,"href":"https:\/\/www.ombudsman.hr\/hr\/wp-json\/wp\/v2\/tags?post=1742"}],"curies":[{"name":"wp","href":"https:\/\/api.w.org\/{rel}","templated":true}]}}