{"id":1732,"date":"2017-07-25T13:51:00","date_gmt":"2017-07-25T13:51:00","guid":{"rendered":"http:\/\/site.ombudsman.hr\/?p=1732"},"modified":"2019-05-21T13:43:08","modified_gmt":"2019-05-21T13:43:08","slug":"sastanak-pravobraniteljice-vidovic-i-ministrice-murganic-na-temu-starijih-osoba","status":"publish","type":"post","link":"https:\/\/www.ombudsman.hr\/hr\/sastanak-pravobraniteljice-vidovic-i-ministrice-murganic-na-temu-starijih-osoba\/","title":{"rendered":"Sastanak pravobraniteljice Vidovi\u0107 i ministrice Murgani\u0107 na temu starijih osoba"},"content":{"rendered":"<p>Ljudska prava starijih osoba bili su tema sastanka pu\u010dke pravobraniteljice Lore Vidovi\u0107 i ministrice za demografiju, obitelj, mlade i socijalnu politiku Nade Murgani\u0107, odr\u017eanog 24. srpnja 2017.<\/p>\n<p>Razgovarale su o dugotrajnoj institucionalnoj skrbi, posebice o dodatnom napla\u0107ivanju pojedinih usluga te cijenama smje\u0161taja u decentraliziranim domovima te o problemima zaposlenika. Tema su bile i zlouporabe ugovora o dosmrtnom i do\u017eivotnom uzdr\u017eavanju i potreba uvo\u0111enja mehanizama koji bi za\u0161titili primatelje uzdr\u017eavanja.<\/p>\n<p><!--more--><\/p>\n<p>Pravobraniteljica je ministrici prenijela najva\u017enije informacije sa 8. zasjedanja UN-ove Radne grupe o pravima starijih osoba, na kojem je sudjelovala od 5. do 7. srpnja 2017. u New Yorku, a posebice one o potrebi dono\u0161enja konvencije o pravima starijih. Tako\u0111er joj je predstavila projekt Europske mre\u017ee nacionalnih institucija za ljudska prava (ENNHRI) proveden u \u0161est zemalja, pod nazivom \u201eLjudska prava osoba starije \u017eivotne dobi i dugotrajna institucionalna skrb\u201c. U projektu je sudjelovao i Ured pu\u010dke pravobraniteljice.<\/p>\n<p>Na sastanku su sudjelovale i savjetnice pu\u010dke pravobraniteljice Silvija Trgovec Greif i Orhideja Skale Dru\u017eak te voditeljica Slu\u017ebe za stare i nemo\u0107ne osobe u Ministarstvu za demografiju, obitelj, mlade i socijalnu politiku Marija Penava \u0160imac.<\/p>\n","protected":false},"excerpt":{"rendered":"<p>Ljudska prava starijih osoba bili su tema sastanka pu\u010dke pravobraniteljice Lore Vidovi\u0107 i ministrice za demografiju, obitelj, mlade i socijalnu politiku Nade Murgani\u0107, odr\u017eanog 24. srpnja 2017. Razgovarale su o dugotrajnoj institucionalnoj skrbi, posebice o dodatnom napla\u0107ivanju pojedinih usluga te cijenama smje\u0161taja u decentraliziranim domovima te o problemima zaposlenika. Tema su bile i zlouporabe ugovora [&hellip;]<\/p>\n","protected":false},"author":1,"featured_media":3461,"comment_status":"open","ping_status":"open","sticky":false,"template":"","format":"standard","meta":{"footnotes":""},"categories":[2090],"tags":[607,657,1429,1288],"class_list":["post-1732","post","type-post","status-publish","format-standard","has-post-thumbnail","hentry","category-novosti","tag-starije-osobe","tag-umirovljenici","tag-obitelj","tag-zastita-i-promocija-ljudskih-prava"],"_links":{"self":[{"href":"https:\/\/www.ombudsman.hr\/hr\/wp-json\/wp\/v2\/posts\/1732","targetHints":{"allow":["GET"]}}],"collection":[{"href":"https:\/\/www.ombudsman.hr\/hr\/wp-json\/wp\/v2\/posts"}],"about":[{"href":"https:\/\/www.ombudsman.hr\/hr\/wp-json\/wp\/v2\/types\/post"}],"author":[{"embeddable":true,"href":"https:\/\/www.ombudsman.hr\/hr\/wp-json\/wp\/v2\/users\/1"}],"replies":[{"embeddable":true,"href":"https:\/\/www.ombudsman.hr\/hr\/wp-json\/wp\/v2\/comments?post=1732"}],"version-history":[{"count":2,"href":"https:\/\/www.ombudsman.hr\/hr\/wp-json\/wp\/v2\/posts\/1732\/revisions"}],"predecessor-version":[{"id":5149,"href":"https:\/\/www.ombudsman.hr\/hr\/wp-json\/wp\/v2\/posts\/1732\/revisions\/5149"}],"wp:featuredmedia":[{"embeddable":true,"href":"https:\/\/www.ombudsman.hr\/hr\/wp-json\/wp\/v2\/media\/3461"}],"wp:attachment":[{"href":"https:\/\/www.ombudsman.hr\/hr\/wp-json\/wp\/v2\/media?parent=1732"}],"wp:term":[{"taxonomy":"category","embeddable":true,"href":"https:\/\/www.ombudsman.hr\/hr\/wp-json\/wp\/v2\/categories?post=1732"},{"taxonomy":"post_tag","embeddable":true,"href":"https:\/\/www.ombudsman.hr\/hr\/wp-json\/wp\/v2\/tags?post=1732"}],"curies":[{"name":"wp","href":"https:\/\/api.w.org\/{rel}","templated":true}]}}