{"id":1730,"date":"2017-07-26T13:43:37","date_gmt":"2017-07-26T13:43:37","guid":{"rendered":"http:\/\/site.ombudsman.hr\/?p=1730"},"modified":"2019-05-20T13:19:26","modified_gmt":"2019-05-20T13:19:26","slug":"nedostupnost-vode-ugrozava-temeljna-ljudska-prava-potice-iseljavanje-modulzastita","status":"publish","type":"post","link":"https:\/\/www.ombudsman.hr\/hr\/nedostupnost-vode-ugrozava-temeljna-ljudska-prava-potice-iseljavanje-modulzastita\/","title":{"rendered":"Nedostupnost vode ugro\u017eava temeljna ljudska prava, poti\u010de iseljavanje"},"content":{"rendered":"<p>Nedostupnost pouzdane, zdravstveno ispravne vode mo\u017ee ugroziti temeljna ljudska prava na \u017eivot i zdravlje, zajam\u010dena Ustavom, ali i utjecati na iseljavanje stanovni\u0161tva. Zato je potrebno kontinuirano raditi na obnovi i izgradnji javne vodoopskrbne mre\u017ee, pri \u010demu ekonomska isplativost ne bi trebala biti klju\u010dni kriterij, stoji u preporuci koju je pu\u010dka pravobraniteljica Lora Vidovi\u0107 uputila \u010delnicima jedinica lokalne samouprave nakon pritu\u017ebi gra\u0111ana s njihovog podru\u010dja.<\/p>\n<p><!--more--><\/p>\n<p>Rije\u010d je o pritu\u017ebama iz Senja, Generalskog Stola i Jasenica, no situacija je sli\u010dna u mnogim drugim dijelovima zemlje, posebno u ruralnim podru\u010djima i na otocima.<\/p>\n<p>Tako se u 2016. iz lokalnih vodovoda opskrbljivalo vi\u0161e od 70 tisu\u0107a stanovnika, a za njih 86 tisu\u0107a jedina dostupna voda bila je ona iz privatnih izvora, poput bunara i zdenaca. Lokalni vodovodi \u010desto su dotrajali i s vodom lo\u0161e kvalitete, dok se zdravstvena ispravnost one iz bunara i zdenaca provjerava tek na zahtjev vlasnika ili u sklopu posebnih projekata. U isto vrijeme, gubitak vode iz javnog vodovoda ponegdje iznosi i iznad 80 posto.<\/p>\n<p>Zna\u010dajna prepreka obnovi i izgradnji javne vodoopskrbne mre\u017ee \u010desto je financijska slabost op\u0107ina i gradova, a mnogi nemaju iskustva u pripremi projekata, niti sredstva da za to plate stru\u010dnjake. Stoga bi stru\u010dnu podr\u0161ku dijelu lokalnih jedinica kojima je ona potrebna, trebalo pru\u017eiti Ministarstvo regionalnoga razvoja i fondova Europske unije, \u0161to je jedna od preporuka iz Izvje\u0161\u0107a pu\u010dke pravobraniteljice za 2016.<\/p>\n<p>S druge strane, vi\u0161e od 520 tisu\u0107a gra\u0111ana ima mogu\u0107nost priklju\u010dka na javnu vodoopskrbnu mre\u017eu, no ne \u017eele ga, zbog njegove cijene i novih re\u017eijskih tro\u0161kova pa je potrebno da lokalni \u010delnici i isporu\u010ditelji me\u0111u gra\u0111anima podi\u017eu svijest o va\u017enosti priklju\u010denja.<\/p>\n<p>Cilj ovih preporuka, i iz pojedina\u010dnih predmeta i iz Izvje\u0161\u0107a za 2016., prvenstveno je osiguravanje prava na vodu, neodvojivog od ostalih prava koja jam\u010de dostojanstven \u017eivot, a njihova provedba mo\u017ee utjecati i na sprje\u010davanje daljnjeg izumiranja ruralnih podru\u010dja i otoka.<\/p>\n<p>Vi\u0161e o problemima s ostvarivanjem prava na vodu mo\u017eete doznati <a href=\"http:\/\/site.ombudsman.hr\/?p=1359#page=107\">ovdje.\u00a0<\/a><\/p>\n","protected":false},"excerpt":{"rendered":"<p>Nedostupnost pouzdane, zdravstveno ispravne vode mo\u017ee ugroziti temeljna ljudska prava na \u017eivot i zdravlje, zajam\u010dena Ustavom, ali i utjecati na iseljavanje stanovni\u0161tva. Zato je potrebno kontinuirano raditi na obnovi i izgradnji javne vodoopskrbne mre\u017ee, pri \u010demu ekonomska isplativost ne bi trebala biti klju\u010dni kriterij, stoji u preporuci koju je pu\u010dka pravobraniteljica Lora Vidovi\u0107 uputila \u010delnicima [&hellip;]<\/p>\n","protected":false},"author":1,"featured_media":3304,"comment_status":"open","ping_status":"open","sticky":false,"template":"","format":"standard","meta":{"footnotes":""},"categories":[2090],"tags":[573,1288],"class_list":["post-1730","post","type-post","status-publish","format-standard","has-post-thumbnail","hentry","category-novosti","tag-ruralna-podrucja","tag-zastita-i-promocija-ljudskih-prava"],"_links":{"self":[{"href":"https:\/\/www.ombudsman.hr\/hr\/wp-json\/wp\/v2\/posts\/1730","targetHints":{"allow":["GET"]}}],"collection":[{"href":"https:\/\/www.ombudsman.hr\/hr\/wp-json\/wp\/v2\/posts"}],"about":[{"href":"https:\/\/www.ombudsman.hr\/hr\/wp-json\/wp\/v2\/types\/post"}],"author":[{"embeddable":true,"href":"https:\/\/www.ombudsman.hr\/hr\/wp-json\/wp\/v2\/users\/1"}],"replies":[{"embeddable":true,"href":"https:\/\/www.ombudsman.hr\/hr\/wp-json\/wp\/v2\/comments?post=1730"}],"version-history":[{"count":2,"href":"https:\/\/www.ombudsman.hr\/hr\/wp-json\/wp\/v2\/posts\/1730\/revisions"}],"predecessor-version":[{"id":5147,"href":"https:\/\/www.ombudsman.hr\/hr\/wp-json\/wp\/v2\/posts\/1730\/revisions\/5147"}],"wp:featuredmedia":[{"embeddable":true,"href":"https:\/\/www.ombudsman.hr\/hr\/wp-json\/wp\/v2\/media\/3304"}],"wp:attachment":[{"href":"https:\/\/www.ombudsman.hr\/hr\/wp-json\/wp\/v2\/media?parent=1730"}],"wp:term":[{"taxonomy":"category","embeddable":true,"href":"https:\/\/www.ombudsman.hr\/hr\/wp-json\/wp\/v2\/categories?post=1730"},{"taxonomy":"post_tag","embeddable":true,"href":"https:\/\/www.ombudsman.hr\/hr\/wp-json\/wp\/v2\/tags?post=1730"}],"curies":[{"name":"wp","href":"https:\/\/api.w.org\/{rel}","templated":true}]}}