{"id":17278,"date":"2023-07-17T16:23:48","date_gmt":"2023-07-17T14:23:48","guid":{"rendered":"https:\/\/www.ombudsman.hr\/hr\/?p=17278"},"modified":"2023-09-08T14:05:15","modified_gmt":"2023-09-08T12:05:15","slug":"komentari-na-prijedlog-zakona-o-placama-u-drzavnoj-sluzbi-i-javnim-sluzbama","status":"publish","type":"post","link":"https:\/\/www.ombudsman.hr\/hr\/komentari-na-prijedlog-zakona-o-placama-u-drzavnoj-sluzbi-i-javnim-sluzbama\/","title":{"rendered":"Komentari na Prijedlog Zakona o pla\u0107ama u dr\u017eavnoj slu\u017ebi i javnim slu\u017ebama"},"content":{"rendered":"<p>Hrvatski sabor usvojio je u prvom \u010ditanju prijedloge dva zakona koja su dio reforme javne uprave \u2013 Zakona o dr\u017eavnim slu\u017ebenicima i Zakona o pla\u0107ama u dr\u017eavnoj slu\u017ebi i javnim slu\u017ebama. Oni su iznimno va\u017eni jer imaju izravan u\u010dinak i dugoro\u010dne posljedice na \u0161iroki krug gra\u0111ana i njihova prava.<\/p>\n<p>Kako bismo doprinijeli da ovi zakoni budu \u0161to kvalitetniji, dali smo niz komentara u javnom savjetovanju. Mi\u0161ljenje na Prijedlog Zakona o dr\u017eavnim slu\u017ebenicima dostavili smo i saborskom Odboru za Ustav, poslovnik i politi\u010dki sustav, dok smo mi\u0161ljenje na oba prijedloga zakona dostavili Odboru za rad i socijalno partnerstvo. Pri tom, pu\u010dka pravobraniteljica Tena \u0160imonovi\u0107 Einwalter i zamjenica Dijana Kesonja sudjelovale su 3. srpnja 2023. na raspravama ovih odbora i iznijele dane komentare.<\/p>\n<p>U ovom tekstu donosimo komentare na <strong>Prijedlog Zakona o pla\u0107ama u dr\u017eavnoj slu\u017ebi i javnim slu\u017ebama<\/strong>, dok one na Prijedlog Zakona o dr\u017eavnim slu\u017ebenicima mo\u017eete prona\u0107i <a href=\"https:\/\/www.ombudsman.hr\/hr\/komentari-na-prijedlog-zakona-o-drzavnim-sluzbenicima\/\">ovdje<\/a>. Drago nam je da je otprilike polovica na\u0161ih komentara prihva\u0107ena u javnom savjetovanju i unesena u prijedloge zakona, no i dalje ima mjesta za pobolj\u0161anja, o \u010demu vi\u0161e pi\u0161emo u nastavku (za Prijedlog Zakona o pla\u0107ama u dr\u017eavnoj slu\u017ebi i javnim slu\u017ebama) i <a href=\"https:\/\/www.ombudsman.hr\/hr\/komentari-na-prijedlog-zakona-o-drzavnim-sluzbenicima\/\">ovdje<\/a> (za prijedlog Zakona o dr\u017eavnim slu\u017ebenicima).<\/p>\n<p>&nbsp;<\/p>\n<h3><strong>Doraditi na\u010din i kriterije za utvr\u0111ivanje koeficijenata<\/strong><\/h3>\n<p>Pitanje koeficijenata za obra\u010dun pla\u0107e radnog mjesta i njihovo razvrstavanje u platne razrede jedno je od klju\u010dnih pitanja ovoga Prijedloga Zakona. Njime je predvi\u0111eno da se osnovni kriteriji odre\u0111ivanja koeficijenata u potpunosti ure\u0111uju putem uredbi, no oni bi trebali biti odre\u0111eni u samom Prijedlogu Zakona.<\/p>\n<p>Zato je potrebno <strong>dodatno pojasniti na\u010din i kriterije temeljem kojih \u0107e se utvr\u0111ivati koeficijenti u okviru raspona u pojedinom platnom razredu<\/strong>.<\/p>\n<h3><strong>Odustati od \u201ekvote\u201c za najvi\u0161e ocjene<\/strong><\/h3>\n<p>Ovim Prijedlogom Zakona predvi\u0111en je maksimalan postotak slu\u017ebenika i namje\u0161tenika koji tijekom jedne kalendarske godine mogu dobiti ocjenu \u201cizvrstan\u201d (5%) i \u201cnaro\u010dito uspje\u0161an\u201d (15%). Svakako je pozitivno \u0161to se \u017eeli stati na kraj praksi ocjenjivanja ve\u0107ine slu\u017ebenika i namje\u0161tenika najvi\u0161im ocjenama. No, osim \u0161to je ovaj postotak je<strong> iznimno malen<\/strong>, ve\u0107 je i sama ideja \u201ekvota\u201c za najvi\u0161e ocjene problemati\u010dna, iz vi\u0161e <strong>razloga<\/strong>:<\/p>\n<ol>\n<li><strong>odnosi se na me\u0111usobno vrlo razli\u010dita dr\u017eavna tijela i javne slu\u017ebe<\/strong>, kako po broju zaposlenih i organizacijskoj strukturi, tako i po poslovima koje obavljaju.<\/li>\n<li><strong>broj najboljih slu\u017ebenika i namje\u0161tenika ne bi pratio stvarno stanje<\/strong>, ve\u0107 bi se morao svoditi u okvire propisanih postotaka, bez obzira na rezultate koje su oni i ostvarili. To zna\u010di da najvi\u0161e ocjene ne bi zaista dobivali svi najbolji slu\u017ebenici i namje\u0161tenici ve\u0107 bi neki od njih, unato\u010d svojim rezultatima, bili ocijenjeni ocjenom \u201euspje\u0161an\u201c ili manjom ocjenom. I upitno je i kako \u0107e se to\u010dno odlu\u010divati tko \u0107e me\u0111u onima koji su ispunili kriterije, uistinu i dobiti najbolju ocjenu. Pri tom bi, primjerice, u tijelu u kojem radi 60 slu\u017ebenika i namje\u0161tenika, samo njih troje moglo dobiti ocjenu \u201eizvrstan\u201c, a samo devetero ocjenu \u201enaro\u010dito uspje\u0161an\u201c.<\/li>\n<li><strong>nije realno o\u010dekivati da \u0107e ovakav sustav djelovati motiviraju\u0107e, dapa\u010de &#8211; mogao bi dovesti do smanjenja u\u010dinkovitosti<\/strong> <strong>rada<\/strong> onih slu\u017ebenika koji imaju visoke radne rezultate i do sada su dobivali najvi\u0161u ocjenu (\u0161to je bila ra\u0161irena praksa), a sada ne u\u0111u u 5%, odnosno 15% ukupnog broja zaposlenika koji su ocijenjeni ocjenama \u201eizvrstan\u201c i \u201enaro\u010dito uspje\u0161an\u201c, \u0161to \u0107e na njih djelovati demotiviraju\u0107e.<\/li>\n<\/ol>\n<p>Dodatno, kako je predvi\u0111eno da \u0107e se kod ocjenjivanja koristiti objektivni i razra\u0111eni kriteriji propisani uredbom Vlade, upravo \u0107e se na temelju tih kriterija <strong>mo\u0107i napraviti distinkcija <\/strong>izme\u0111u \u201eizvrsnih\u201c, \u201enaro\u010dito uspje\u0161nih\u201c i \u201euspje\u0161nih\u201c. Zato <strong>nema potrebe za zakonskim ograni\u010denjem postotka <\/strong>slu\u017ebenika i namje\u0161tenika koji mogu dobiti najvi\u0161e ocjene.<\/p>\n<p>Dakle, cilj se mo\u017ee ostvariti <strong>kori\u0161tenjem razra\u0111enih kriterija ocjenjivanja te\u00a0 potom njihovom objektivnom i ozbiljnijom primjenom<\/strong>, umjesto ograni\u010davanjem postotka slu\u017ebenika i namje\u0161tenika koji mogu dobiti odre\u0111enu ocjenu.<\/p>\n<p>No, ako bi se ipak ostalo pri ovoj ideji \u201ekvota\u201c, potrebno je poduzeti dodatne korake radi ujedna\u010dene primjene zakona, omogu\u0107avanja transparentnog i objektivnog sustava ocjenjivanja i nagra\u0111ivanja i prevencije arbitrarnog odlu\u010divanja \u010delnika tijela, ali i diskriminacije te pogodovanja nekima. To\u010dnije, potrebno je propisati i na koji na\u010din \u0107e se odlu\u010divati tko \u0107e od svih slu\u017ebenika i namje\u0161tenika <strong>koji su ispunili uvjete za ocjenu \u201eizvrstan\u201c<\/strong>, kojih mo\u017ee biti i vi\u0161e od 5%, zaista i dobiti navedenu ocjenu, a tko ne\u0107e. Isto se odnosi i na ocjenu \u201enaro\u010dito uspje\u0161an\u201c.<\/p>\n<p>Dodatno, kod ocjenjivanja i odre\u0111ivanja koji zaposlenici \u0107e dobiti dvije najbolje ocjene <strong>ne bi trebalo<\/strong> <strong>uspore\u0111ivati skupine slu\u017ebenika i namje\u0161tenika koje su po opisu posla, slo\u017eenosti i odgovornosti neusporedive. <\/strong>Umjesto toga,<strong> trebalo bi uspore\u0111ivati slu\u017ebenike i namje\u0161tenike zaposlene na istovrsnim, odnosno usporedivim mjestima<\/strong> (npr. lije\u010dnike s lije\u010dnicima, u\u010ditelje s u\u010diteljima i sl.). \u00a0U suprotnom bi postojala mogu\u0107nost da najbolje ocjene \u201ezaobi\u0111u\u201c one koji rade na poslovima manje slo\u017eenosti, iako objektivno rade izvrsno i iako je i njihov posao nu\u017ean da bi odre\u0111eno tijelo funkcioniralo, kao \u0161to su osobe zaposlene na mjestima sprema\u010d(ic)a, kuhar(ic)a, https:\/\/stagesite.ombudsman.hr\/wp-content\/uploads\/2019\/10\/post-10.pngistrativnih tajnika\/ca i sli\u010dno.<\/p>\n<p>Tako\u0111er, ako ostane ovakav na\u010din ocjenjivanja, trebalo bi razmisliti i o <strong>mogu\u0107im iznimkama od predvi\u0111enih ograni\u010denja<\/strong> za ona dr\u017eavna tijela\/javne slu\u017ebe ili organizacijske jedinice unutar tih tijela na koja se ta ograni\u010denja ne bi odnosila zbog dodatne zahtjevnosti poslova koje zaposlenici obavljaju i visoko postavljenih uvjeta za zapo\u0161ljavanje u tim tijelima, odnosno jedinicama. To bi, primjerice, trebale biti neovisne institucije koje nadziru i ispituju rad razli\u010ditih javnopravnih tijela ili provode inspekcijske poslove i to upravo radi za\u0161tite njihove neovisnosti.<\/p>\n<p>I kona\u010dno, osim definiranja kriterija za ocjenjivanje potrebno je osmisliti <strong>na\u010din mjerenja u\u010dinka rada<\/strong> jer kriteriji sami za sebe nisu dovoljni za ocjenjivanje u\u010dinkovitosti rada.<\/p>\n<p>&nbsp;<\/p>\n<h3><strong>Skratiti razdoblje za ostvarivanje dodatka za u\u010dinkovit rad<\/strong><\/h3>\n<p>Predlo\u017eeno zakonsko rje\u0161enje za utvr\u0111ivanje <strong>dodataka na pla\u0107u za u\u010dinkovitost rada <\/strong>ne\u0107e svim slu\u017ebenicima i namje\u0161tenicima pru\u017eiti dovoljnu motivaciju, budu\u0107i da \u0107e ve\u0107ini biti potrebno 6 godina rada da bi ostvarili pravo na najni\u017ei dodatak od 3%.<\/p>\n<p>Oni s duljim radnim sta\u017eem stoga do prestanka slu\u017ebe ne\u0107e mo\u0107i ostvariti pravo na dodatak za u\u010dinkovitost rada ili \u0107e ga sti\u0107i ostvariti u niskom postotku, \u0161to \u0107e za njih biti dodatno destimuliraju\u0107e te \u0107e\u00a0 stvoriti nejednak u\u010dinak na starije slu\u017ebenike.<\/p>\n<p>Zato je potrebno, u skladu s financijskim mogu\u0107nostima, propisati da se <strong>u kra\u0107em vremenskom razdoblju, od jedne ili dvije godine, mo\u017ee ostvariti dodatak na pla\u0107u za u\u010dinkoviti rad<\/strong>.<\/p>\n<p>&nbsp;<\/p>\n<h3><strong>Kratak rok za javno savjetovanje i ote\u017eana procjena u\u010dinaka<\/strong><\/h3>\n<p>Kao i kod Zakona o dr\u017eavnim slu\u017ebenicima, savjetovanje sa zainteresiranom javno\u0161\u0107u trajalo je svega 15 dana. Pri tom je rije\u010d o iznimno bitnim zakonima pa je tako, primjerice, Zakon o pla\u0107ama u dr\u017eavnoj slu\u017ebi i javnim slu\u017ebama klju\u010dan propis koji ure\u0111uje sustav pla\u0107a u dr\u017eavnoj i javnim slu\u017ebama, odnosno za vi\u0161e od 230 tisu\u0107a zaposlenika.<\/p>\n<p>Dodatno, iznimno je zahtjevno u tako kratkom roku komentirati dva zakona koja su pravno i sadr\u017eajno povezana. Ujedno \u0107e se vezano uz Prijedlog Zakona o pla\u0107ama u dr\u017eavnoj slu\u017ebi i javnim slu\u017ebama donijeti \u010dak 10 uredbi Vade RH kojima \u0107e se propisati neka od klju\u010dnih pitanja pa je bez teksta ovih uredbi dodatno ote\u017eano procjenjivati u\u010dinke Prijedloga Zakona na slu\u017ebenike i namje\u0161tenike.<\/p>\n<p>Sve na\u0161e komentare na Prijedlog Zakona o pla\u0107ama u dr\u017eavnoj slu\u017ebi i javnim slu\u017ebama i odgovor Ministarstva pravosu\u0111a i uprave <a href=\"https:\/\/esavjetovanja.gov.hr\/ECon\/EconReport?entityId=24358\">mo\u017eete prona\u0107i ovdje<\/a>.<\/p>\n","protected":false},"excerpt":{"rendered":"<p>Hrvatski sabor usvojio je u prvom \u010ditanju prijedloge dva zakona koja su dio reforme javne uprave \u2013 Zakona o dr\u017eavnim slu\u017ebenicima i Zakona o pla\u0107ama u dr\u017eavnoj slu\u017ebi i javnim slu\u017ebama. Oni su iznimno va\u017eni jer imaju izravan u\u010dinak i dugoro\u010dne posljedice na \u0161iroki krug gra\u0111ana i njihova prava. Kako bismo doprinijeli da ovi zakoni [&hellip;]<\/p>\n","protected":false},"author":9,"featured_media":17279,"comment_status":"closed","ping_status":"closed","sticky":false,"template":"","format":"standard","meta":{"footnotes":""},"categories":[2090],"tags":[550,629,1066,1288],"class_list":["post-17278","post","type-post","status-publish","format-standard","has-post-thumbnail","hentry","category-novosti","tag-rad-i-zaposljavanje","tag-suzbijanje-diskriminacije","tag-drzavni-i-javni-sluzbenici","tag-zastita-i-promocija-ljudskih-prava"],"_links":{"self":[{"href":"https:\/\/www.ombudsman.hr\/hr\/wp-json\/wp\/v2\/posts\/17278","targetHints":{"allow":["GET"]}}],"collection":[{"href":"https:\/\/www.ombudsman.hr\/hr\/wp-json\/wp\/v2\/posts"}],"about":[{"href":"https:\/\/www.ombudsman.hr\/hr\/wp-json\/wp\/v2\/types\/post"}],"author":[{"embeddable":true,"href":"https:\/\/www.ombudsman.hr\/hr\/wp-json\/wp\/v2\/users\/9"}],"replies":[{"embeddable":true,"href":"https:\/\/www.ombudsman.hr\/hr\/wp-json\/wp\/v2\/comments?post=17278"}],"version-history":[{"count":3,"href":"https:\/\/www.ombudsman.hr\/hr\/wp-json\/wp\/v2\/posts\/17278\/revisions"}],"predecessor-version":[{"id":17289,"href":"https:\/\/www.ombudsman.hr\/hr\/wp-json\/wp\/v2\/posts\/17278\/revisions\/17289"}],"wp:featuredmedia":[{"embeddable":true,"href":"https:\/\/www.ombudsman.hr\/hr\/wp-json\/wp\/v2\/media\/17279"}],"wp:attachment":[{"href":"https:\/\/www.ombudsman.hr\/hr\/wp-json\/wp\/v2\/media?parent=17278"}],"wp:term":[{"taxonomy":"category","embeddable":true,"href":"https:\/\/www.ombudsman.hr\/hr\/wp-json\/wp\/v2\/categories?post=17278"},{"taxonomy":"post_tag","embeddable":true,"href":"https:\/\/www.ombudsman.hr\/hr\/wp-json\/wp\/v2\/tags?post=17278"}],"curies":[{"name":"wp","href":"https:\/\/api.w.org\/{rel}","templated":true}]}}