{"id":17252,"date":"2023-08-11T13:10:27","date_gmt":"2023-08-11T11:10:27","guid":{"rendered":"https:\/\/www.ombudsman.hr\/hr\/?p=17252"},"modified":"2023-08-21T13:13:26","modified_gmt":"2023-08-21T11:13:26","slug":"alternativno-izvjesce-un-ovom-odboru-za-eliminaciju-rasne-diskriminacije-cerd","status":"publish","type":"post","link":"https:\/\/www.ombudsman.hr\/hr\/alternativno-izvjesce-un-ovom-odboru-za-eliminaciju-rasne-diskriminacije-cerd\/","title":{"rendered":"Alternativno izvje\u0161\u0107e UN-ovom Odboru za eliminaciju rasne diskriminacije (CERD)"},"content":{"rendered":"<p>Pu\u010dka pravobraniteljica Tena \u0160imonovi\u0107 Einwalter u srpnju 2023. godine predala je <a href=\"https:\/\/www.ohchr.org\/en\/treaty-bodies\/cerd\">UN-ovom Odboru za eliminaciju rasne diskriminacije<\/a> (CERD) <a href=\"https:\/\/www.ombudsman.hr\/wp-content\/uploads\/2023\/08\/INT_CERD_IFN_HRV_53185_E.pdf\">Alternativno izvje\u0161\u0107e o provedbi Konvencije o ukidanju svih oblika rasne diskriminacije u Hrvatskoj<\/a>.<\/p>\n<p>Priprema ovog <a href=\"https:\/\/www.ombudsman.hr\/wp-content\/uploads\/2023\/08\/INT_CERD_IFN_HRV_53185_E.pdf\">Izvje\u0161\u0107a<\/a> obveza je nacionalne institucije za ljudska prava (NHRI) sa Statusom A te je u skladu s <a href=\"https:\/\/tbinternet.ohchr.org\/_layouts\/15\/treatybodyexternal\/Download.aspx?symbolno=INT%2FCERD%2FGEC%2F7500&#038;Lang=en\">Op\u0107om preporukom CERD-a br. 28<\/a> o ulozi NHRI-jeva u izvr\u0161enju obveza koje proizlaze iz Konvencije i provedbi preporuka CERD-a.<\/p>\n<p>CERD je od 7. do 31. kolovoza 2023. u \u017denevi odr\u017eao <a href=\"https:\/\/tbinternet.ohchr.org\/_layouts\/15\/treatybodyexternal\/SessionDetails1.aspx?SessionID=2659&#038;Lang=en\">110. sjednicu<\/a>. Na <a href=\"https:\/\/media.un.org\/en\/asset\/k1g\/k1g17gzeiz\">raspravi<\/a> o provedbi Konvencije o ukidanju svih oblika rasne diskriminacije u Hrvatskoj, koja je bila na rasporedu 9. i 10. kolovoza, <a href=\"https:\/\/media.un.org\/en\/asset\/k1g\/k1g17gzeiz\">sudjelovala je zamjenica pu\u010dke pravobraniteljice Tatjana Vla\u0161i\u0107<\/a>.<\/p>\n<p><a href=\"https:\/\/www.ombudsman.hr\/wp-content\/uploads\/2023\/08\/INT_CERD_IFN_HRV_53185_E.pdf\">Izvje\u0161\u0107e<\/a> se temelji na pritu\u017ebama po kojima je institucija postupala, terenskom radu, istra\u017eivanjima, kao i podacima prikupljenim od razli\u010ditih dionika: tijela javne vlasti, organizacija civilnog dru\u0161tva, sindikata, poslodavaca, sveu\u010dili\u0161ta i mnogih drugih. Sadr\u017ei izazove u za\u0161titi od diskriminacije na temelju rasnog ili etni\u010dkog podrijetla, uklju\u010duju\u0107i napomene vezane uz najva\u017enije strate\u0161ke dokumente i opis najzastupljenijih pritu\u017ebi, kao i detaljniji osvrt na podru\u010dja u nadle\u017enosti CERD-a.<\/p>\n<p>To se posebno odnosi na probleme s kojima se suo\u010davaju ponajvi\u0161e pripadnici romske, ali i srpske nacionalne manjine i migranti, kao i kr\u0161enja prava u podru\u010dju rada i pri zapo\u0161ljavanja u kontekstu nacionalne i etni\u010dke pripadnosti, uklju\u010duju\u0107i i ona na koje nailaze strani radnici dr\u017eavljani tre\u0107ih zemalja. U Izvje\u0161\u0107u su i izazovi vezani uz zlo\u010dine iz mr\u017enje i govor mr\u017enje, besplatnu pravnu pomo\u0107, stanovanje i odr\u017eiv povratak.<\/p>\n<p>Posebno je istaknuta potreba da se u uvede obvezno obrazovanje o ljudskim pravima, kao zaseban \u0161kolski predmet i dio gra\u0111anskog odgoja. U sklopu tog predmeta djeca bi od najranije dobi u\u010dila o pravu na jednakost i zabrani diskriminacije, a provedba obrazovanja u tom podru\u010dju trebala bi biti redovito evaluirana.<\/p>\n<p>Odbor za eliminaciju rasne diskriminacije (CERD) tijelo je neovisnih stru\u010dnjaka koje prati provedbu Konvencije o uklanjanju svih oblika rasne diskriminacije u dr\u017eavama potpisnicama. Sve dr\u017eave potpisnice du\u017ene su podnijeti izvje\u0161\u0107a o provedbi Konvencije svakih pet godina. Odbor pregledava\u00a0 izvje\u0161\u0107e i daje zaklju\u010dne preporuke dr\u017eavama.<\/p>\n<p>Konvenciju o uklanjanju svih oblika rasne diskriminacije mo\u017eete prona\u0107i <a href=\"https:\/\/pravamanjina.gov.hr\/UserDocsImages\/arhiva\/pdf\/medjunarodni\/medjunarodna_konvencija_o_ukidanju_svih_oblika_rasne_diskriminacije.pdf\">ovdje<\/a>.<\/p>\n<p>Posljednje izvje\u0161\u0107e o provedbi Konvencije Hrvatska je predala 2020. godine, u obliku objedinjene verzije vi\u0161e periodi\u010dkih izvje\u0161\u0107a (od 9. do 14.). To izvje\u0161\u0107e <a href=\"https:\/\/docstore.ohchr.org\/SelfServices\/FilesHandler.ashx?enc=6QkG1d%2FPPRiCAqhKb7yhshodZVZ8W1VjF7fVFKRKs3pQwHEO4QLp4S%2FzWDv%2FRP2lU617PQjBQzCsvMqdMj06Bh%2BmGf%2FX3zS1FRtHflBm8YX7SCioGSvFWJLnRNqRdHPw\">mo\u017eete prona\u0107i ovdje<\/a> (na engleskom jeziku).<\/p>\n<p>&nbsp;<\/p>\n<p>&nbsp;<\/p>\n","protected":false},"excerpt":{"rendered":"<p>Pu\u010dka pravobraniteljica Tena \u0160imonovi\u0107 Einwalter u srpnju 2023. godine predala je UN-ovom Odboru za eliminaciju rasne diskriminacije (CERD) Alternativno izvje\u0161\u0107e o provedbi Konvencije o ukidanju svih oblika rasne diskriminacije u Hrvatskoj. Priprema ovog Izvje\u0161\u0107a obveza je nacionalne institucije za ljudska prava (NHRI) sa Statusom A te je u skladu s Op\u0107om preporukom CERD-a br. 28 [&hellip;]<\/p>\n","protected":false},"author":3,"featured_media":17251,"comment_status":"closed","ping_status":"closed","sticky":false,"template":"","format":"standard","meta":{"footnotes":""},"categories":[2090],"tags":[759,432,629,658,659,1958],"class_list":["post-17252","post","type-post","status-publish","format-standard","has-post-thumbnail","hentry","category-novosti","tag-medunarodna-suradnja","tag-nacionalne-manjine","tag-suzbijanje-diskriminacije","tag-un","tag-cerd","tag-nacionalne-institucije-za-ljudska-prava"],"_links":{"self":[{"href":"https:\/\/www.ombudsman.hr\/hr\/wp-json\/wp\/v2\/posts\/17252","targetHints":{"allow":["GET"]}}],"collection":[{"href":"https:\/\/www.ombudsman.hr\/hr\/wp-json\/wp\/v2\/posts"}],"about":[{"href":"https:\/\/www.ombudsman.hr\/hr\/wp-json\/wp\/v2\/types\/post"}],"author":[{"embeddable":true,"href":"https:\/\/www.ombudsman.hr\/hr\/wp-json\/wp\/v2\/users\/3"}],"replies":[{"embeddable":true,"href":"https:\/\/www.ombudsman.hr\/hr\/wp-json\/wp\/v2\/comments?post=17252"}],"version-history":[{"count":1,"href":"https:\/\/www.ombudsman.hr\/hr\/wp-json\/wp\/v2\/posts\/17252\/revisions"}],"predecessor-version":[{"id":17253,"href":"https:\/\/www.ombudsman.hr\/hr\/wp-json\/wp\/v2\/posts\/17252\/revisions\/17253"}],"wp:featuredmedia":[{"embeddable":true,"href":"https:\/\/www.ombudsman.hr\/hr\/wp-json\/wp\/v2\/media\/17251"}],"wp:attachment":[{"href":"https:\/\/www.ombudsman.hr\/hr\/wp-json\/wp\/v2\/media?parent=17252"}],"wp:term":[{"taxonomy":"category","embeddable":true,"href":"https:\/\/www.ombudsman.hr\/hr\/wp-json\/wp\/v2\/categories?post=17252"},{"taxonomy":"post_tag","embeddable":true,"href":"https:\/\/www.ombudsman.hr\/hr\/wp-json\/wp\/v2\/tags?post=17252"}],"curies":[{"name":"wp","href":"https:\/\/api.w.org\/{rel}","templated":true}]}}