{"id":1719,"date":"2017-07-10T13:12:06","date_gmt":"2017-07-10T13:12:06","guid":{"rendered":"http:\/\/site.ombudsman.hr\/?p=1719"},"modified":"2019-07-02T12:35:45","modified_gmt":"2019-07-02T12:35:45","slug":"nuzno-je-osigurati-neovisan-rad-pravobranitelja-za-djecu-2","status":"publish","type":"post","link":"https:\/\/www.ombudsman.hr\/hr\/nuzno-je-osigurati-neovisan-rad-pravobranitelja-za-djecu-2\/","title":{"rendered":"Nu\u017eno je osigurati neovisan rad pravobranitelja za djecu"},"content":{"rendered":"<p>Prijedlog Zakona o pravobranitelju za djecu ne omogu\u0107ava neovisan rad ove institucije, prvenstveno jer predvi\u0111a razrje\u0161enje pravobranitelja za djecu u slu\u010daju neprihva\u0107anja godi\u0161njeg izvje\u0161\u0107a o radu. Tako\u0111er, s obzirom na formalnu narav odluke Ustavnog suda o ukidanju prethodnog Zakona, nejasni su i razlozi zbog kojih je propisano da \u0107e Vlada najkasnije u roku od 90 dana od stupanja na snagu ovog Zakona predlo\u017eiti Hrvatskom saboru novog pravobranitelja za djecu.<\/p>\n<p>Potrebno je i da, umjesto Vlade, postupak izbora pravobranitelja za djecu bude pokrenut na temelju javnog poziva Hrvatskog sabora, kao \u0161to je predvi\u0111eno Zakonom o pu\u010dkom pravobranitelju. Dio je to mi\u0161ljenja na Kona\u010dni prijedlog Zakona koje je pu\u010dka pravobraniteljica Lora Vidovi\u0107 10. srpnja 2017. dostavila Hrvatskom saboru.<\/p>\n<p><!--more--><\/p>\n<p>Iako u Hrvatskoj samo pu\u010dki pravobranitelj ispunjava vrlo stroge kriterije koje institucija treba ispunjavati da bi dobila status neovisne nacionalne institucije, propisane Pari\u0161kim principima, pri zakonskom reguliranju rada posebnih pravobranitelja potrebno je te\u017eiti \u0161to vi\u0161em stupnju njihove uskla\u0111enosti s Pari\u0161kom principima, kako bi uistinu mogli djelovati neovisno i samostalno. Tako\u0111er je i Odbor za prava djeteta UN-a, zadu\u017een za pra\u0107enje ostvarivanja napretka u ispunjavanju obveza prihva\u0107enih u Konvenciji o pravima djeteta, u svojim Zaklju\u010dnim razmatranjima 1996., 2004. i 2014. godine Hrvatskoj uputio preporuke usmjerene na ja\u010danje kapaciteta i neovisnosti Ureda pravobraniteljice za djecu.<\/p>\n<p>Svakako je pozitivno \u0161to je predlagatelj izri\u010dito izrazio podr\u0161ku postojanju institucije koja \u0107e neovisno i samostalno \u0161tititi, pratiti i promicati prava djece, no predlo\u017eeni Zakon takav rad ne omogu\u0107uje.<\/p>\n<p>Reagirao je i povjerenik Vije\u0107a Europe za ljudska prava Nils Mui\u017enieks, <a href=\"http:\/\/www.coe.int\/en\/web\/commissioner\/-\/croatian-government-should-reconsider-the-draft-law-on-the-ombudsman-for-children\" target=\"_blank\" rel=\"noopener noreferrer\">izjaviv\u0161i<\/a> kako razumije da pravna praznina mora biti popunjena, no i kako je zabrinut da bi prijedlog zakona mogao naru\u0161iti neovisnost ove institucije.<\/p>\n<p>\u010citavo mi\u0161ljenje pu\u010dke pravobraniteljice na Zakon o pravobranitelju za djecu nalazi se u privitku dolje.<\/p>\n<p>&nbsp;<\/p>\n","protected":false},"excerpt":{"rendered":"<p>Prijedlog Zakona o pravobranitelju za djecu ne omogu\u0107ava neovisan rad ove institucije, prvenstveno jer predvi\u0111a razrje\u0161enje pravobranitelja za djecu u slu\u010daju neprihva\u0107anja godi\u0161njeg izvje\u0161\u0107a o radu. Tako\u0111er, s obzirom na formalnu narav odluke Ustavnog suda o ukidanju prethodnog Zakona, nejasni su i razlozi zbog kojih je propisano da \u0107e Vlada najkasnije u roku od 90 [&hellip;]<\/p>\n","protected":false},"author":1,"featured_media":3471,"comment_status":"open","ping_status":"open","sticky":false,"template":"","format":"standard","meta":{"footnotes":""},"categories":[2090],"tags":[1288],"class_list":["post-1719","post","type-post","status-publish","format-standard","has-post-thumbnail","hentry","category-novosti","tag-zastita-i-promocija-ljudskih-prava"],"_links":{"self":[{"href":"https:\/\/www.ombudsman.hr\/hr\/wp-json\/wp\/v2\/posts\/1719","targetHints":{"allow":["GET"]}}],"collection":[{"href":"https:\/\/www.ombudsman.hr\/hr\/wp-json\/wp\/v2\/posts"}],"about":[{"href":"https:\/\/www.ombudsman.hr\/hr\/wp-json\/wp\/v2\/types\/post"}],"author":[{"embeddable":true,"href":"https:\/\/www.ombudsman.hr\/hr\/wp-json\/wp\/v2\/users\/1"}],"replies":[{"embeddable":true,"href":"https:\/\/www.ombudsman.hr\/hr\/wp-json\/wp\/v2\/comments?post=1719"}],"version-history":[{"count":2,"href":"https:\/\/www.ombudsman.hr\/hr\/wp-json\/wp\/v2\/posts\/1719\/revisions"}],"predecessor-version":[{"id":5136,"href":"https:\/\/www.ombudsman.hr\/hr\/wp-json\/wp\/v2\/posts\/1719\/revisions\/5136"}],"wp:featuredmedia":[{"embeddable":true,"href":"https:\/\/www.ombudsman.hr\/hr\/wp-json\/wp\/v2\/media\/3471"}],"wp:attachment":[{"href":"https:\/\/www.ombudsman.hr\/hr\/wp-json\/wp\/v2\/media?parent=1719"}],"wp:term":[{"taxonomy":"category","embeddable":true,"href":"https:\/\/www.ombudsman.hr\/hr\/wp-json\/wp\/v2\/categories?post=1719"},{"taxonomy":"post_tag","embeddable":true,"href":"https:\/\/www.ombudsman.hr\/hr\/wp-json\/wp\/v2\/tags?post=1719"}],"curies":[{"name":"wp","href":"https:\/\/api.w.org\/{rel}","templated":true}]}}