{"id":17133,"date":"2023-06-09T09:27:54","date_gmt":"2023-06-09T07:27:54","guid":{"rendered":"https:\/\/www.ombudsman.hr\/hr\/?p=17133"},"modified":"2025-02-07T16:56:35","modified_gmt":"2025-02-07T14:56:35","slug":"hrvatski-sabor-usvojio-izvjesce-pucke-pravobraniteljice-za-2021-godinu","status":"publish","type":"post","link":"https:\/\/www.ombudsman.hr\/hr\/hrvatski-sabor-usvojio-izvjesce-pucke-pravobraniteljice-za-2021-godinu\/","title":{"rendered":"Hrvatski sabor usvojio Izvje\u0161\u0107e pu\u010dke pravobraniteljice za 2021. godinu"},"content":{"rendered":"<p>Hrvatski sabor 2. lipnja 2023. je na plenarnoj sjednici raspravio, a zatim 7. lipnja 2023. i usvojio <a href=\"https:\/\/www.ombudsman.hr\/hr\/interaktivno-izvjesce-za-2021\/\">Izvje\u0161\u0107e pu\u010dke pravobraniteljice za 2021. godinu<\/a>.<\/p>\n<p>Time je Sabor dao podr\u0161ku preporukama iz Izvje\u0161\u0107a pu\u010dke pravobraniteljice za 2021. godinu, usmjerenima na sna\u017eniju za\u0161titu ljudskih prava u Hrvatskoj. Pri tom, upravo bi zbog ispunjenja \u0161to ve\u0107eg broja preporuka bilo iznimno va\u017eno da Hrvatski sabor \u010dim prije raspravi i usvoji i novo, <a href=\"https:\/\/www.ombudsman.hr\/hr\/interaktivno-izvjesce-za-2022\/\">Izvje\u0161\u0107e pu\u010dke pravobraniteljice za 2022. godinu<\/a>, koje je predala krajem o\u017eujka ove godine.<\/p>\n<p>Upravo je va\u017enost pravovremene rasprave bila istaknuta <a href=\"https:\/\/www.youtube.com\/watch?v=Z9MppQvc7d8\">na plenarnoj sjednici<\/a> na kojoj je raspravljeno Izvje\u0161\u0107e pu\u010dke pravobraniteljice za 2021. godinu, uz teme koje izvje\u0161\u0107a obra\u0111uju \u2013 pravo na zdravlje, pravo na rad, prava starijih osoba, diskriminacija i prava nacionalnih manjina, pravo na dobro upravljanje i brojne druge.<\/p>\n<p>Godi\u0161nje izvje\u0161\u0107e pu\u010dke pravobraniteljice analiza je i ocjena stanja ljudskih prava i jednakosti u Hrvatskoj, a ono za 2021. sadr\u017ei 156 preporuka za pobolj\u0161anje prava gra\u0111ana. U njemu su i brojne novine u odnosu na ranije izvje\u0161\u0107e, uklju\u010duju\u0107i i nova (pod)poglavlja: Pravo na dobro upravljanje, Branitelji ljudskih prava, Utjecaj umjetne inteligencije na ljudska prava i jednakost, Postupanje Europskog suda za ljudska prava u odnosu na Republiku Hrvatsku i Platformski rad.<\/p>\n<p>Izvje\u0161\u0107e je nastalo prvenstveno na temelju 5.769 predmeta u kojima smo postupali tijekom 2021. godine. Od toga je 4.562 predmeta otvoreno te godine, a najve\u0107i dio njih (3.480) je otvoreno na temelju pritu\u017ebi gra\u0111ana ili na vlastitu inicijativu. Najbrojnije su bile pritu\u017ebe na diskriminaciju (469), pravo na zdravlje (433), radna prava (309) i prava vezana uz pravosu\u0111e (245).<\/p>\n<p>Sabor je ovo Izvje\u0161\u0107e usvojio sa 108 glasova za, tri suzdr\u017eana i jednim protiv.<\/p>\n<p>Cijelo Izvje\u0161\u0107e pu\u010dke pravobraniteljice za 2021. godinu mo\u017eete prona\u0107i <a href=\"https:\/\/www.ombudsman.hr\/hr\/interaktivno-izvjesce-za-2021\/\">u interaktivnoj verziji<\/a> i u <a href=\"https:\/\/www.ombudsman.hr\/hr\/download\/izvjesce-pucke-pravobraniteljice-za-2021-godinu\/?wpdmdl=13454&#038;refresh=648069dcd82551686137308\">PDF formatu<\/a>.<img fetchpriority=\"high\" decoding=\"async\" class=\"size-medium wp-image-17134 alignleft\" src=\"https:\/\/www.ombudsman.hr\/wp-content\/uploads\/2023\/06\/Izvjesce-za-2021.-glasovanje-u-Saboru-300x172.jpeg\" alt=\"Grafi\u010dki prikaz rezultata glasovanja u Saboru o Izvje\u0161\u0107u pu\u010dke pravobraniteljice za 2021. godinu\" width=\"300\" height=\"172\" srcset=\"https:\/\/www.ombudsman.hr\/wp-content\/uploads\/2023\/06\/Izvjesce-za-2021.-glasovanje-u-Saboru-300x172.jpeg 300w, https:\/\/www.ombudsman.hr\/wp-content\/uploads\/2023\/06\/Izvjesce-za-2021.-glasovanje-u-Saboru-1024x585.jpeg 1024w, https:\/\/www.ombudsman.hr\/wp-content\/uploads\/2023\/06\/Izvjesce-za-2021.-glasovanje-u-Saboru-768x439.jpeg 768w, https:\/\/www.ombudsman.hr\/wp-content\/uploads\/2023\/06\/Izvjesce-za-2021.-glasovanje-u-Saboru-585x334.jpeg 585w, https:\/\/www.ombudsman.hr\/wp-content\/uploads\/2023\/06\/Izvjesce-za-2021.-glasovanje-u-Saboru.jpeg 1317w\" sizes=\"(max-width: 300px) 100vw, 300px\" \/><\/p>\n","protected":false},"excerpt":{"rendered":"<p>Hrvatski sabor 2. lipnja 2023. je na plenarnoj sjednici raspravio, a zatim 7. lipnja 2023. i usvojio Izvje\u0161\u0107e pu\u010dke pravobraniteljice za 2021. godinu. Time je Sabor dao podr\u0161ku preporukama iz Izvje\u0161\u0107a pu\u010dke pravobraniteljice za 2021. godinu, usmjerenima na sna\u017eniju za\u0161titu ljudskih prava u Hrvatskoj. Pri tom, upravo bi zbog ispunjenja \u0161to ve\u0107eg broja preporuka bilo [&hellip;]<\/p>\n","protected":false},"author":3,"featured_media":17135,"comment_status":"closed","ping_status":"closed","sticky":false,"template":"","format":"standard","meta":{"footnotes":""},"categories":[2090],"tags":[2024,2056],"class_list":["post-17133","post","type-post","status-publish","format-standard","has-post-thumbnail","hentry","category-novosti","tag-izvjesce-2021","tag-suradnja"],"_links":{"self":[{"href":"https:\/\/www.ombudsman.hr\/hr\/wp-json\/wp\/v2\/posts\/17133","targetHints":{"allow":["GET"]}}],"collection":[{"href":"https:\/\/www.ombudsman.hr\/hr\/wp-json\/wp\/v2\/posts"}],"about":[{"href":"https:\/\/www.ombudsman.hr\/hr\/wp-json\/wp\/v2\/types\/post"}],"author":[{"embeddable":true,"href":"https:\/\/www.ombudsman.hr\/hr\/wp-json\/wp\/v2\/users\/3"}],"replies":[{"embeddable":true,"href":"https:\/\/www.ombudsman.hr\/hr\/wp-json\/wp\/v2\/comments?post=17133"}],"version-history":[{"count":3,"href":"https:\/\/www.ombudsman.hr\/hr\/wp-json\/wp\/v2\/posts\/17133\/revisions"}],"predecessor-version":[{"id":20575,"href":"https:\/\/www.ombudsman.hr\/hr\/wp-json\/wp\/v2\/posts\/17133\/revisions\/20575"}],"wp:featuredmedia":[{"embeddable":true,"href":"https:\/\/www.ombudsman.hr\/hr\/wp-json\/wp\/v2\/media\/17135"}],"wp:attachment":[{"href":"https:\/\/www.ombudsman.hr\/hr\/wp-json\/wp\/v2\/media?parent=17133"}],"wp:term":[{"taxonomy":"category","embeddable":true,"href":"https:\/\/www.ombudsman.hr\/hr\/wp-json\/wp\/v2\/categories?post=17133"},{"taxonomy":"post_tag","embeddable":true,"href":"https:\/\/www.ombudsman.hr\/hr\/wp-json\/wp\/v2\/tags?post=17133"}],"curies":[{"name":"wp","href":"https:\/\/api.w.org\/{rel}","templated":true}]}}