{"id":1599,"date":"2017-03-07T11:47:02","date_gmt":"2017-03-07T10:47:02","guid":{"rendered":"http:\/\/site.ombudsman.hr\/?p=1599"},"modified":"2020-05-04T15:12:35","modified_gmt":"2020-05-04T13:12:35","slug":"pucka-pravobraniteljica-izabrana-u-radnu-skupinu-za-starije-osobe-ganhri-ja","status":"publish","type":"post","link":"https:\/\/www.ombudsman.hr\/hr\/pucka-pravobraniteljica-izabrana-u-radnu-skupinu-za-starije-osobe-ganhri-ja\/","title":{"rendered":"Pu\u010dka pravobraniteljica izabrana u Radnu skupinu za starije osobe GANHRI-ja"},"content":{"rendered":"<p>Pu\u010dka pravobraniteljica Lora Vidovi\u0107 izabrana je 06. o\u017eujka 2017. u \u017denevi za europskog \u010dlana <a href=\"http:\/\/nhri.ohchr.org\/EN\/Themes\/Ageing\/Pages\/WorkingGroup.aspx\" target=\"_blank\" rel=\"noopener noreferrer\">Radne skupine<\/a> za starije osobe, u sklopu Globalnog saveza nacionalnih institucija za ljudska prava (<a href=\"http:\/\/nhri.ohchr.org\/EN\/Pages\/default.aspx\" target=\"_blank\" rel=\"noopener noreferrer\">GANHRI<\/a>). Radna skupina zadu\u017eena je za unaprje\u0111enje me\u0111usobne suradnje \u010dlanica GANHRI-ja u podru\u010dju za\u0161tite ljudskih prava starijih osoba te ja\u010danje strate\u0161kih aktivnosti na me\u0111unarodnoj razini, \u0161to uklju\u010duje i doprinos mehanizmima Ujedinjenih naroda.<\/p>\n<p><!--more--><\/p>\n<p>\u201cVeliki broj starijih osoba \u017eivi u iznimno te\u0161kim uvjetima. Primjerice, u Hrvatskoj njih \u010dak 95 tisu\u0107a prima mirovinu koja je ni\u017ea od 500 kuna. Siroma\u0161tvo ugro\u017eava njihova ljudska prava i stavlja ih u znatan rizik od diskriminacije, zato intenzivno radimo na brojnim problemima s kojima se suo\u010dava starija populacija, u vi\u0161e podru\u010dja \u2013 od socijalne sigurnosti, \u017eivota u institucionalnom smje\u0161taju, zdravstvenih usluga i mnogih drugih. Sudjelovanje u ovoj radnoj skupini dodatno \u0107e nas osna\u017eiti u tim naporima, ponajprije znanjem i iskustvom institucija iz drugih zemalja, ali i mogu\u0107no\u0161\u0107u da akutne probleme stavimo u fokus me\u0111unarodne scene\u201d, navela je pravobraniteljica Vidovi\u0107.<\/p>\n<p>Kao jedna od dvoje predstavnika institucija iz Europe izabrana je na <a href=\"http:\/\/ennhri.org\/ENNHRI-General-Assembly-Meeting-opens-in-Geneva\" target=\"_blank\" rel=\"noopener noreferrer\">op\u0107oj skup\u0161tini<\/a> Europske mre\u017ee nacionalnih institucija za ljudska prava (<a href=\"http:\/\/ennhri.org\/\" target=\"_blank\" rel=\"noopener noreferrer\">ENNHRI<\/a>), kojom predsjeda od 2016. Osmo\u010dlanu Radnu skupinu jo\u0161 \u010dine i institucije iz podru\u010dja Azije i Pacifika, Sjeverne i Ju\u017ene Amerike te Afrike.<\/p>\n<p>Jedan od prioritetnih ciljeva Radne skupine zagovaranje je dono\u0161enja <a href=\"http:\/\/www.helpage.org\/what-we-do\/rights\/towards-a-convention-on-the-rights-of-older-people\/\" target=\"_blank\" rel=\"noopener noreferrer\">Konvencije<\/a> o pravima starijih osoba. Naime, iako su ljudska prava univerzalna i odnose se na sve gra\u0111ane, \u010dinjenica da se starije osobe eksplicitno ne navode u me\u0111unarodnim dokumentima mo\u017ee predstavljati izazov za po\u0161tivanje njihovih prava, stoga bi Konvencija kroz implementaciju mogla doprinijeti ja\u010danju njihove za\u0161tite.<\/p>\n<p>&nbsp;<\/p>\n","protected":false},"excerpt":{"rendered":"<p>Pu\u010dka pravobraniteljica Lora Vidovi\u0107 izabrana je 06. o\u017eujka 2017. u \u017denevi za europskog \u010dlana Radne skupine za starije osobe, u sklopu Globalnog saveza nacionalnih institucija za ljudska prava (GANHRI). Radna skupina zadu\u017eena je za unaprje\u0111enje me\u0111usobne suradnje \u010dlanica GANHRI-ja u podru\u010dju za\u0161tite ljudskih prava starijih osoba te ja\u010danje strate\u0161kih aktivnosti na me\u0111unarodnoj razini, \u0161to uklju\u010duje [&hellip;]<\/p>\n","protected":false},"author":1,"featured_media":3428,"comment_status":"open","ping_status":"open","sticky":false,"template":"","format":"standard","meta":{"footnotes":""},"categories":[2090],"tags":[313,759,607],"class_list":["post-1599","post","type-post","status-publish","format-standard","has-post-thumbnail","hentry","category-novosti","tag-ganhri","tag-medunarodna-suradnja","tag-starije-osobe"],"_links":{"self":[{"href":"https:\/\/www.ombudsman.hr\/hr\/wp-json\/wp\/v2\/posts\/1599","targetHints":{"allow":["GET"]}}],"collection":[{"href":"https:\/\/www.ombudsman.hr\/hr\/wp-json\/wp\/v2\/posts"}],"about":[{"href":"https:\/\/www.ombudsman.hr\/hr\/wp-json\/wp\/v2\/types\/post"}],"author":[{"embeddable":true,"href":"https:\/\/www.ombudsman.hr\/hr\/wp-json\/wp\/v2\/users\/1"}],"replies":[{"embeddable":true,"href":"https:\/\/www.ombudsman.hr\/hr\/wp-json\/wp\/v2\/comments?post=1599"}],"version-history":[{"count":2,"href":"https:\/\/www.ombudsman.hr\/hr\/wp-json\/wp\/v2\/posts\/1599\/revisions"}],"predecessor-version":[{"id":5249,"href":"https:\/\/www.ombudsman.hr\/hr\/wp-json\/wp\/v2\/posts\/1599\/revisions\/5249"}],"wp:featuredmedia":[{"embeddable":true,"href":"https:\/\/www.ombudsman.hr\/hr\/wp-json\/wp\/v2\/media\/3428"}],"wp:attachment":[{"href":"https:\/\/www.ombudsman.hr\/hr\/wp-json\/wp\/v2\/media?parent=1599"}],"wp:term":[{"taxonomy":"category","embeddable":true,"href":"https:\/\/www.ombudsman.hr\/hr\/wp-json\/wp\/v2\/categories?post=1599"},{"taxonomy":"post_tag","embeddable":true,"href":"https:\/\/www.ombudsman.hr\/hr\/wp-json\/wp\/v2\/tags?post=1599"}],"curies":[{"name":"wp","href":"https:\/\/api.w.org\/{rel}","templated":true}]}}