{"id":1587,"date":"2017-03-03T18:02:00","date_gmt":"2017-03-03T18:02:00","guid":{"rendered":"http:\/\/site.ombudsman.hr\/?p=1587"},"modified":"2019-05-21T12:12:53","modified_gmt":"2019-05-21T12:12:53","slug":"zamjenica-pucke-pravobraniteljice-studentima-na-maloj-skoli-ljudskih-prava-predavala-o-slobodi-govora","status":"publish","type":"post","link":"https:\/\/www.ombudsman.hr\/hr\/zamjenica-pucke-pravobraniteljice-studentima-na-maloj-skoli-ljudskih-prava-predavala-o-slobodi-govora\/","title":{"rendered":"Zamjenica pu\u010dke pravobraniteljice studentima na Maloj \u0161koli ljudskih prava predavala o slobodi govora"},"content":{"rendered":"<p>Na poziv zagreba\u010dke podru\u017enice Europske udruge studenata prava (<a href=\"https:\/\/www.facebook.com\/pg\/elsaZagreb.hr\/about\/?ref=page_internal\">ELSA Zagreb<\/a>), zamjenica pu\u010dke pravobraniteljice Tena \u0160imonovi\u0107 Einwalter sudjelovala je u Maloj \u0161koli ljudskih prava, koja se proteklog tjedna odr\u017eavala na vi\u0161e lokacija u Zagrebu. Ovogodi\u0161nje izdanje Male \u0161kole ljudskih prava, 17. po redu, bilo je posve\u0107eno slobodi govora. Zamjenica \u0160imonovi\u0107 Einwalter u petak, 03. o\u017eujka 2017. studentima je predstavila nadle\u017enosti i praksu institucije te nacionalnu sudsku praksu u podru\u010dju izra\u017eavanja u javnom prostoru.<\/p>\n<p><!--more--><\/p>\n<p>Kao sustavne probleme istaknula je skromnu sudsku praksu u ovom podru\u010dju i neujedna\u010dene statisti\u010dke podatke te navela primjere pravne nesigurnosti, a pojasnila je i kako govor mr\u017enje jo\u0161 uvijek nije dovoljno prepoznat kao kazneno djelo. Mali broj postupaka govori da se dio po\u010dinitelja ne procesuira ili se procesuira prekr\u0161ajno, zbog \u010dega izostaje sankcija i preventivni u\u010dinak. Analiza prekr\u0161ajnih postupaka pokazala je kako se izri\u010du niske nov\u010dane kazne, a tek polovica ih bude i podmirena. Istaknula je i kako je sustav \u010desto usmjeren na po\u010dinitelje, dok izostaje za\u0161tita \u017ertava. Govore\u0107i o u\u010destalo kori\u0161tenom pozdravu \u201cza dom spremni\u201d, \u0160imonovi\u0107 Einwalter predstavila je <a href=\"http:\/\/site.ombudsman.hr\/?p=1566\">analizu<\/a> koja pokazuje konzistentnu sudsku praksu i navodi relevantne propise te ukazuje na nejednako postupanje razli\u010ditih grana vlasti u tom kontekstu.<\/p>\n<p>Predstavila je i rad Europskog odbora protiv rasizma i netolerancije Vije\u0107u Europe (<a href=\"http:\/\/www.coe.int\/t\/dghl\/monitoring\/ecri\/default_en.asp\">ECRI<\/a>), \u010dija je \u010dlanica. U podru\u010dju slobode govora, u radu ECRI-ja izdvojila je <a href=\"http:\/\/www.coe.int\/t\/dghl\/monitoring\/ecri\/activities\/GPR\/EN\/Recommendation_N15\/REC-15-2016-015-ENG.pdf\">Op\u0107u preporuku br. 15<\/a> za javne politike suzbijanja govora mr\u017enje, u kojoj stoji kako su nu\u017ene brze reakcije javnih osoba, posebice politi\u010dara, nakon pojave govora mr\u017enje, dok dr\u017eavama sugerira promociju samoregulative medija, podizanje svijesti o posljedicama govora mr\u017enje, kazneno gonjenje ekstremnih primjera te uskra\u0107ivanje financijske i druge podr\u0161ke politi\u010dkim strankama koje se slu\u017ee govorom mr\u017enje.<\/p>\n<p>ELSA Zagreb dio je <a href=\"https:\/\/elsa.org\/about\/\">me\u0111unarodne<\/a>, neovisne i neprofitne organizacije koja okuplja vi\u0161e od 30 tisu\u0107a studenata prava i mladih pravnika iz cijele Europe.<\/p>\n","protected":false},"excerpt":{"rendered":"<p>Na poziv zagreba\u010dke podru\u017enice Europske udruge studenata prava (ELSA Zagreb), zamjenica pu\u010dke pravobraniteljice Tena \u0160imonovi\u0107 Einwalter sudjelovala je u Maloj \u0161koli ljudskih prava, koja se proteklog tjedna odr\u017eavala na vi\u0161e lokacija u Zagrebu. Ovogodi\u0161nje izdanje Male \u0161kole ljudskih prava, 17. po redu, bilo je posve\u0107eno slobodi govora. Zamjenica \u0160imonovi\u0107 Einwalter u petak, 03. o\u017eujka 2017. [&hellip;]<\/p>\n","protected":false},"author":1,"featured_media":3578,"comment_status":"open","ping_status":"open","sticky":false,"template":"","format":"standard","meta":{"footnotes":""},"categories":[2090],"tags":[615,629],"class_list":["post-1587","post","type-post","status-publish","format-standard","has-post-thumbnail","hentry","category-novosti","tag-studenti","tag-suzbijanje-diskriminacije"],"_links":{"self":[{"href":"https:\/\/www.ombudsman.hr\/hr\/wp-json\/wp\/v2\/posts\/1587","targetHints":{"allow":["GET"]}}],"collection":[{"href":"https:\/\/www.ombudsman.hr\/hr\/wp-json\/wp\/v2\/posts"}],"about":[{"href":"https:\/\/www.ombudsman.hr\/hr\/wp-json\/wp\/v2\/types\/post"}],"author":[{"embeddable":true,"href":"https:\/\/www.ombudsman.hr\/hr\/wp-json\/wp\/v2\/users\/1"}],"replies":[{"embeddable":true,"href":"https:\/\/www.ombudsman.hr\/hr\/wp-json\/wp\/v2\/comments?post=1587"}],"version-history":[{"count":2,"href":"https:\/\/www.ombudsman.hr\/hr\/wp-json\/wp\/v2\/posts\/1587\/revisions"}],"predecessor-version":[{"id":5254,"href":"https:\/\/www.ombudsman.hr\/hr\/wp-json\/wp\/v2\/posts\/1587\/revisions\/5254"}],"wp:featuredmedia":[{"embeddable":true,"href":"https:\/\/www.ombudsman.hr\/hr\/wp-json\/wp\/v2\/media\/3578"}],"wp:attachment":[{"href":"https:\/\/www.ombudsman.hr\/hr\/wp-json\/wp\/v2\/media?parent=1587"}],"wp:term":[{"taxonomy":"category","embeddable":true,"href":"https:\/\/www.ombudsman.hr\/hr\/wp-json\/wp\/v2\/categories?post=1587"},{"taxonomy":"post_tag","embeddable":true,"href":"https:\/\/www.ombudsman.hr\/hr\/wp-json\/wp\/v2\/tags?post=1587"}],"curies":[{"name":"wp","href":"https:\/\/api.w.org\/{rel}","templated":true}]}}