{"id":1571,"date":"2017-02-17T10:00:00","date_gmt":"2017-02-17T10:00:00","guid":{"rendered":"http:\/\/site.ombudsman.hr\/?p=1571"},"modified":"2020-05-04T15:19:06","modified_gmt":"2020-05-04T13:19:06","slug":"medunarodni-dan-socijalne-pravde-modulnaslovna","status":"publish","type":"post","link":"https:\/\/www.ombudsman.hr\/hr\/medunarodni-dan-socijalne-pravde-modulnaslovna\/","title":{"rendered":"Svjetski dan socijalne pravde"},"content":{"rendered":"<p style=\"text-align: justify;\">Socijalna pravda mogu\u0107a je jedino u dru\u0161tvima u kojima se po\u0161tuju sva ljudska prava i temeljne slobode, naglasila je Op\u0107a skup\u0161tina UN-a u <a href=\"http:\/\/www.un.org\/en\/ga\/search\/view_doc.asp?symbol=A\/RES\/62\/10\">rezoluciji<\/a> kojom je 2007. utemeljila <a href=\"http:\/\/www.un.org\/en\/events\/socialjusticeday\/\" target=\"_blank\" rel=\"noopener noreferrer\">Svjetski dan socijalne pravde<\/a>. Obilje\u017eava se 20. velja\u010de svake godine, s ciljem davanja podr\u0161ke naporima u iskorjenjivanju siroma\u0161tva, osiguranju dostojanstva na radu i ravnopravnosti spolova te postizanju socijalne sigurnosti i pravde za sve.<\/p>\n<p><!--more--><\/p>\n<p style=\"text-align: justify;\">Hrvatsku na tom putu o\u010dekuju znatni napori, u kojima pu\u010dka pravobraniteljica Lora Vidovi\u0107 sudjeluje davanjem preporuka za uklanjanje sustavnih problema u za\u0161titi ljudskih prava i suzbijanja diskriminacije, kao i zagovaranjem kvalitetnijih propisa. U posljednje vrijeme to je uklju\u010divalo slanje mi\u0161ljenja na propise o pravima <a href=\"http:\/\/site.ombudsman.hr\/?p=1569\">nezaposlenih i osoba na stru\u010dnom osposobljavanju<\/a>, <a href=\"http:\/\/site.ombudsman.hr\/?p=1365\">zdravstvenoj za\u0161titi<\/a>, financiranju <a href=\"http:\/\/site.ombudsman.hr\/?p=1539\">udruga<\/a> civilnog dru\u0161tva te na <a href=\"http:\/\/site.ombudsman.hr\/?p=1540\">paket zakona<\/a> u sklopu porezne reforme.<\/p>\n<p>Niz preporuka uputit \u0107e i u Izvje\u0161\u0107u pu\u010dke pravobraniteljice za 2016., a one \u0107e biti rezultat analize problema u nizu podru\u010dja, poput socijalne skrbi, socijalne sigurnosti starijih osoba, prava nezaposlenih, prava nacionalnih manjina, ruralnog razvoja i mnogih drugih koji utje\u010du na polo\u017eaj najranjivijih \u010dlanova na\u0161eg dru\u0161tva. Dio izdvojenih tema bit \u0107e i ovrhe, tijekom kojih su mnogi ovr\u0161enici i dalje <a href=\"http:\/\/site.ombudsman.hr\/?p=1447\">u nejednakom polo\u017eaju<\/a>, dok vjerovnici \u010desto ne uspijevaju naplatiti svoj dug.<\/p>\n<p>Za postizanje socijalne pravde u Hrvatskoj potrebno je i da Sabor ratificira <a href=\"http:\/\/site.ombudsman.hr\/?p=1243\" target=\"_blank\" rel=\"noopener noreferrer\">Revidiranu socijalnu povelju<\/a>. Naime, prvotnu verziju ovog dokumenta Vije\u0107a Europe, koja je usvojena 1961. i naziva se \u201esocijalnim ustavom Europe\u201c, Hrvatska je potpisala, no Revidiranu jo\u0161 nije ratificirala.<\/p>\n","protected":false},"excerpt":{"rendered":"<p>Socijalna pravda mogu\u0107a je jedino u dru\u0161tvima u kojima se po\u0161tuju sva ljudska prava i temeljne slobode, naglasila je Op\u0107a skup\u0161tina UN-a u rezoluciji kojom je 2007. utemeljila Svjetski dan socijalne pravde. Obilje\u017eava se 20. velja\u010de svake godine, s ciljem davanja podr\u0161ke naporima u iskorjenjivanju siroma\u0161tva, osiguranju dostojanstva na radu i ravnopravnosti spolova te postizanju [&hellip;]<\/p>\n","protected":false},"author":1,"featured_media":3597,"comment_status":"open","ping_status":"open","sticky":false,"template":"","format":"standard","meta":{"footnotes":""},"categories":[2090],"tags":[582,607,1288],"class_list":["post-1571","post","type-post","status-publish","format-standard","has-post-thumbnail","hentry","category-novosti","tag-siromastvo","tag-starije-osobe","tag-zastita-i-promocija-ljudskih-prava"],"_links":{"self":[{"href":"https:\/\/www.ombudsman.hr\/hr\/wp-json\/wp\/v2\/posts\/1571","targetHints":{"allow":["GET"]}}],"collection":[{"href":"https:\/\/www.ombudsman.hr\/hr\/wp-json\/wp\/v2\/posts"}],"about":[{"href":"https:\/\/www.ombudsman.hr\/hr\/wp-json\/wp\/v2\/types\/post"}],"author":[{"embeddable":true,"href":"https:\/\/www.ombudsman.hr\/hr\/wp-json\/wp\/v2\/users\/1"}],"replies":[{"embeddable":true,"href":"https:\/\/www.ombudsman.hr\/hr\/wp-json\/wp\/v2\/comments?post=1571"}],"version-history":[{"count":2,"href":"https:\/\/www.ombudsman.hr\/hr\/wp-json\/wp\/v2\/posts\/1571\/revisions"}],"predecessor-version":[{"id":5261,"href":"https:\/\/www.ombudsman.hr\/hr\/wp-json\/wp\/v2\/posts\/1571\/revisions\/5261"}],"wp:featuredmedia":[{"embeddable":true,"href":"https:\/\/www.ombudsman.hr\/hr\/wp-json\/wp\/v2\/media\/3597"}],"wp:attachment":[{"href":"https:\/\/www.ombudsman.hr\/hr\/wp-json\/wp\/v2\/media?parent=1571"}],"wp:term":[{"taxonomy":"category","embeddable":true,"href":"https:\/\/www.ombudsman.hr\/hr\/wp-json\/wp\/v2\/categories?post=1571"},{"taxonomy":"post_tag","embeddable":true,"href":"https:\/\/www.ombudsman.hr\/hr\/wp-json\/wp\/v2\/tags?post=1571"}],"curies":[{"name":"wp","href":"https:\/\/api.w.org\/{rel}","templated":true}]}}