{"id":1541,"date":"2016-12-17T09:58:08","date_gmt":"2016-12-17T08:58:08","guid":{"rendered":"http:\/\/site.ombudsman.hr\/?p=1541"},"modified":"2019-05-07T09:09:47","modified_gmt":"2019-05-07T09:09:47","slug":"un-poziva-vlade-da-upravljanje-migracijama-temelje-na-ljudskim-pravima","status":"publish","type":"post","link":"https:\/\/www.ombudsman.hr\/hr\/un-poziva-vlade-da-upravljanje-migracijama-temelje-na-ljudskim-pravima\/","title":{"rendered":"UN poziva vlade da upravljanje migracijama temelje na ljudskim pravima"},"content":{"rendered":"<p>Iza nas je turbulentna godina za migrante i izbjeglice, u kojoj smo nastavili svjedo\u010diti te\u0161kim posljedicama oru\u017eanih sukoba na civilno stanovni\u0161tvo, koje dovode do smrti, uni\u0161tenja i razaranja, <a href=\"http:\/\/www.un.org\/en\/events\/migrantsday\/messages.shtml\" target=\"_blank\" rel=\"noopener noreferrer\">podsjetio<\/a> je glavni tajnik UN-a Ban Ki-Moon, povodom <a href=\"http:\/\/www.un.org\/en\/events\/migrantsday\/index.shtml\" target=\"_blank\" rel=\"noopener noreferrer\">Me\u0111unarodnog dana migranata<\/a> koji se obilje\u017eava 18. prosinca.<\/p>\n<p>\u201eSvjedoci smo neprihvatljivom gubitku tisu\u0107a \u017eivota na putu preko Sredozemlja i na drugim podru\u010djima. Dodatna &#8216;sol na ranu&#8217; je porast populisti\u010dkih pokreta koji zagovaraju otu\u0111enje i izbacivanje migranata i izbjeglica, okrivljuju\u0107i ih za razli\u010dite probleme u dru\u0161tvu\u201c, izjavio je Ki-Moon.<\/p>\n<p><!--more--><\/p>\n<p>No, nadu daju zabrinuti gra\u0111ani i zajednice koje im otvoreno iskazuju dobrodo\u0161licu, kao i doga\u0111aji na me\u0111unarodnoj sceni, poput deklaracije koja je usvojena na Summitu UN-a o izbjeglicama i migrantima. \u201eSad je nu\u017eno da vlade po\u0161tuju svoje obveze u upravljanju migracijama, temeljenom na po\u0161tivanju ljudskih prava, stavljaju\u0107i \u010dovjeka u sredi\u0161te interesa\u201c, podsjetio je Ki-Moon i jo\u0161 jednom pozvao na sna\u017eniju me\u0111unarodnu suradnju, utemeljenu na me\u0111unarodnim propisima i standardima. \u201eMoramo odbaciti netoleranciju, diskriminaciju i politike vo\u0111ene ksenofobnom retorikom. Tako\u0111er, oni koji zlostavljaju migrante i \u017eele im nauditi, moraju za to odgovarati\u201c, upozorio je.<\/p>\n<p>Na kraju, pozvo je na osiguravanje sigurnih i regularnih migracija, kao va\u017enog doprinosa miru, prosperitetu, dostojanstvu i prilikama za sve, \u0161to je ostvarivo pomo\u0107u UN-og <a href=\"http:\/\/www.un.org\/sustainabledevelopment\/development-agenda\/\" target=\"_blank\" rel=\"noopener noreferrer\">Plana za odr\u017eivi razvoj 2030<\/a>.<\/p>\n<p>&nbsp;<\/p>\n","protected":false},"excerpt":{"rendered":"<p>Iza nas je turbulentna godina za migrante i izbjeglice, u kojoj smo nastavili svjedo\u010diti te\u0161kim posljedicama oru\u017eanih sukoba na civilno stanovni\u0161tvo, koje dovode do smrti, uni\u0161tenja i razaranja, podsjetio je glavni tajnik UN-a Ban Ki-Moon, povodom Me\u0111unarodnog dana migranata koji se obilje\u017eava 18. prosinca. \u201eSvjedoci smo neprihvatljivom gubitku tisu\u0107a \u017eivota na putu preko Sredozemlja i [&hellip;]<\/p>\n","protected":false},"author":1,"featured_media":0,"comment_status":"open","ping_status":"open","sticky":false,"template":"","format":"standard","meta":{"footnotes":""},"categories":[2090],"tags":[759,658],"class_list":["post-1541","post","type-post","status-publish","format-standard","hentry","category-novosti","tag-medunarodna-suradnja","tag-un"],"_links":{"self":[{"href":"https:\/\/www.ombudsman.hr\/hr\/wp-json\/wp\/v2\/posts\/1541","targetHints":{"allow":["GET"]}}],"collection":[{"href":"https:\/\/www.ombudsman.hr\/hr\/wp-json\/wp\/v2\/posts"}],"about":[{"href":"https:\/\/www.ombudsman.hr\/hr\/wp-json\/wp\/v2\/types\/post"}],"author":[{"embeddable":true,"href":"https:\/\/www.ombudsman.hr\/hr\/wp-json\/wp\/v2\/users\/1"}],"replies":[{"embeddable":true,"href":"https:\/\/www.ombudsman.hr\/hr\/wp-json\/wp\/v2\/comments?post=1541"}],"version-history":[{"count":2,"href":"https:\/\/www.ombudsman.hr\/hr\/wp-json\/wp\/v2\/posts\/1541\/revisions"}],"predecessor-version":[{"id":5272,"href":"https:\/\/www.ombudsman.hr\/hr\/wp-json\/wp\/v2\/posts\/1541\/revisions\/5272"}],"wp:attachment":[{"href":"https:\/\/www.ombudsman.hr\/hr\/wp-json\/wp\/v2\/media?parent=1541"}],"wp:term":[{"taxonomy":"category","embeddable":true,"href":"https:\/\/www.ombudsman.hr\/hr\/wp-json\/wp\/v2\/categories?post=1541"},{"taxonomy":"post_tag","embeddable":true,"href":"https:\/\/www.ombudsman.hr\/hr\/wp-json\/wp\/v2\/tags?post=1541"}],"curies":[{"name":"wp","href":"https:\/\/api.w.org\/{rel}","templated":true}]}}