{"id":1538,"date":"2016-12-10T17:37:00","date_gmt":"2016-12-10T17:37:00","guid":{"rendered":"http:\/\/site.ombudsman.hr\/?p=1538"},"modified":"2020-05-04T15:28:32","modified_gmt":"2020-05-04T13:28:32","slug":"zauzmi-se-za-necija-prava-danas","status":"publish","type":"post","link":"https:\/\/www.ombudsman.hr\/hr\/zauzmi-se-za-necija-prava-danas\/","title":{"rendered":"&#8220;Zauzmi se za ne\u010dija prava &#8211; danas!&#8221;"},"content":{"rendered":"<p>Ujedinjeni narodi proglasili su 10. prosinca Me\u0111unarodnim danom ljudskih prava, na datum kada je 1948. Op\u0107a skup\u0161tina UN-a usvojila Op\u0107u deklaraciju o ljudskim pravima. Ove godine pozvali su na njegovo obilje\u017eavanje uz slogan <a href=\"http:\/\/www.standup4humanrights.org\/en\/about.html\" target=\"_blank\" rel=\"noopener noreferrer\">&#8220;Zauzmi se za ne\u010dija prava &#8211; danas!&#8221;<\/a>, kojim \u017eele podsjetiti sve kako mogu i trebaju doprinijeti njihovoj boljoj za\u0161titi.<\/p>\n<p>Ove godine, pu\u010dka pravobraniteljica Lora Vidovi\u0107 obilje\u017eavanje ovog dana posvetila je pravu na zdravlje, organiziranjem stru\u010dnog skupa &#8220;Dijagnoza ljudskih prava u zdravstvenom sustavu &#8211; postignu\u0107a i izazovi&#8221;. Cilj je bio upozoriti na probleme s dostupno\u0161\u0107u zdrasvtvene za\u0161tite te potaknuti nadle\u017ene na pronalazak u\u010dinkovitih i odr\u017eivih rje\u0161enja. S problemima s ostvarivanjem prava na zdravlje naj\u010de\u0161\u0107e se suo\u010davaju stariji, osobe slabijeg zdravstvenog stanja, stanovnici ruralnih podru\u010dja te siroma\u0161ni.<\/p>\n<p><!--more--><\/p>\n<p>&nbsp;<\/p>\n<p>A upravo je siroma\u0161tvo najve\u0107i neprijatelj ljudskih prava, jer \u010desto zna\u010di i prepreku u dostupnosti javnih usluga koje su nu\u017ene za ostvarivanje prava, izjavila je pravobraniteljica u intervjuu za Dnevnik Nove TV, povodom Me\u0111unarodnog dana ljudskih prava.<\/p>\n<p>Cijeli intervju mo\u017eete pogledati <a href=\"http:\/\/dnevnik.hr\/vijesti\/hrvatska\/gosca-dnevnika-nove-tv-pucka-pravobraniteljica-lora-vidovic---460045.html\">ovdje<\/a>, a detaljan pregled stanja ljudskih prava mo\u017eete prona\u0107i u <a href=\"http:\/\/site.ombudsman.hr\/?p=1248\">Izvje\u0161\u0107u pu\u010dke pravobraniteljice za 2015. godinu<\/a>.<\/p>\n<p>&nbsp;<\/p>\n<blockquote class=\"twitter-tweet\" data-lang=\"en\">\n<p dir=\"ltr\" lang=\"und\"><a href=\"https:\/\/twitter.com\/hashtag\/DnevnikNoveTV?src=hash\">#DnevnikNoveTV<\/a> <a href=\"https:\/\/twitter.com\/hashtag\/U%C5%BDIVO?src=hash\">#U\u017dIVO<\/a> Lora <a href=\"https:\/\/twitter.com\/hashtag\/Vidovi%C4%87?src=hash\">#Vidovi\u0107<\/a>: &#8220;Najve\u0107i neprijatelj ljudskih prava je siroma\u0161tvo!&#8221;<\/p>\n<p>\u2014 Dnevnik.hr (@dnevnikhr) <a href=\"https:\/\/twitter.com\/dnevnikhr\/status\/807291174717452288\">December 9, 2016<\/a><\/p><\/blockquote>\n","protected":false},"excerpt":{"rendered":"<p>Ujedinjeni narodi proglasili su 10. prosinca Me\u0111unarodnim danom ljudskih prava, na datum kada je 1948. Op\u0107a skup\u0161tina UN-a usvojila Op\u0107u deklaraciju o ljudskim pravima. Ove godine pozvali su na njegovo obilje\u017eavanje uz slogan &#8220;Zauzmi se za ne\u010dija prava &#8211; danas!&#8221;, kojim \u017eele podsjetiti sve kako mogu i trebaju doprinijeti njihovoj boljoj za\u0161titi. Ove godine, pu\u010dka [&hellip;]<\/p>\n","protected":false},"author":1,"featured_media":0,"comment_status":"open","ping_status":"open","sticky":false,"template":"","format":"standard","meta":{"footnotes":""},"categories":[2090],"tags":[582,607,1288],"class_list":["post-1538","post","type-post","status-publish","format-standard","hentry","category-novosti","tag-siromastvo","tag-starije-osobe","tag-zastita-i-promocija-ljudskih-prava"],"_links":{"self":[{"href":"https:\/\/www.ombudsman.hr\/hr\/wp-json\/wp\/v2\/posts\/1538","targetHints":{"allow":["GET"]}}],"collection":[{"href":"https:\/\/www.ombudsman.hr\/hr\/wp-json\/wp\/v2\/posts"}],"about":[{"href":"https:\/\/www.ombudsman.hr\/hr\/wp-json\/wp\/v2\/types\/post"}],"author":[{"embeddable":true,"href":"https:\/\/www.ombudsman.hr\/hr\/wp-json\/wp\/v2\/users\/1"}],"replies":[{"embeddable":true,"href":"https:\/\/www.ombudsman.hr\/hr\/wp-json\/wp\/v2\/comments?post=1538"}],"version-history":[{"count":1,"href":"https:\/\/www.ombudsman.hr\/hr\/wp-json\/wp\/v2\/posts\/1538\/revisions"}],"predecessor-version":[{"id":5275,"href":"https:\/\/www.ombudsman.hr\/hr\/wp-json\/wp\/v2\/posts\/1538\/revisions\/5275"}],"wp:attachment":[{"href":"https:\/\/www.ombudsman.hr\/hr\/wp-json\/wp\/v2\/media?parent=1538"}],"wp:term":[{"taxonomy":"category","embeddable":true,"href":"https:\/\/www.ombudsman.hr\/hr\/wp-json\/wp\/v2\/categories?post=1538"},{"taxonomy":"post_tag","embeddable":true,"href":"https:\/\/www.ombudsman.hr\/hr\/wp-json\/wp\/v2\/tags?post=1538"}],"curies":[{"name":"wp","href":"https:\/\/api.w.org\/{rel}","templated":true}]}}