{"id":1525,"date":"2016-10-31T15:57:00","date_gmt":"2016-10-31T15:57:00","guid":{"rendered":"http:\/\/site.ombudsman.hr\/?p=1525"},"modified":"2019-07-24T10:55:13","modified_gmt":"2019-07-24T10:55:13","slug":"edukacija-o-diskriminaciji-za-djelatnike-policijske-uprave-primorsko-goranske","status":"publish","type":"post","link":"https:\/\/www.ombudsman.hr\/hr\/edukacija-o-diskriminaciji-za-djelatnike-policijske-uprave-primorsko-goranske\/","title":{"rendered":"Edukacija o diskriminaciji za djelatnike Policijske uprave primorsko-goranske"},"content":{"rendered":"<p style=\"text-align: justify;\">Savjetnice pu\u010dke pravobraniteljice iz Podru\u010dnog ureda u Rijeci\u00a0za djelatnike i djelatnice Policijske uprave primorsko-goranske odr\u017eale su 28. listopada 2016. edukaciju o zakonodavnom okviru za suzbijanje diskriminacije te ulozi koju u tome ima policija.<\/p>\n<p style=\"text-align: justify;\">Osim izlaganja o dru\u0161tvenom kontekstu te uzrocima diskriminacije, sudionici su imali prilike saznati vi\u0161e o hrvatskom zakonodavnom okviru za suzbijanje diskriminacije te detalje sudske prakse u vezi prekr\u0161aja i kaznenih djela povezanih s diskriminacijom. Savjetnice su ih tako\u0111er upoznale s podacima iz nekoliko posljednjih istra\u017eivanja o stereotipima, predrasudama i diskriminatornim stavovima.<\/p>\n<p>Edukacija je odr\u017eana u Informativnom centru za prevenciju kriminaliteta u Rijeci, a prisustvovalo joj je 30-ak osoba.<\/p>\n","protected":false},"excerpt":{"rendered":"<p>Savjetnice pu\u010dke pravobraniteljice iz Podru\u010dnog ureda u Rijeci\u00a0za djelatnike i djelatnice Policijske uprave primorsko-goranske odr\u017eale su 28. listopada 2016. edukaciju o zakonodavnom okviru za suzbijanje diskriminacije te ulozi koju u tome ima policija. Osim izlaganja o dru\u0161tvenom kontekstu te uzrocima diskriminacije, sudionici su imali prilike saznati vi\u0161e o hrvatskom zakonodavnom okviru za suzbijanje diskriminacije te [&hellip;]<\/p>\n","protected":false},"author":1,"featured_media":6224,"comment_status":"open","ping_status":"open","sticky":false,"template":"","format":"standard","meta":{"footnotes":""},"categories":[2090],"tags":[629],"class_list":["post-1525","post","type-post","status-publish","format-standard","has-post-thumbnail","hentry","category-novosti","tag-suzbijanje-diskriminacije"],"_links":{"self":[{"href":"https:\/\/www.ombudsman.hr\/hr\/wp-json\/wp\/v2\/posts\/1525","targetHints":{"allow":["GET"]}}],"collection":[{"href":"https:\/\/www.ombudsman.hr\/hr\/wp-json\/wp\/v2\/posts"}],"about":[{"href":"https:\/\/www.ombudsman.hr\/hr\/wp-json\/wp\/v2\/types\/post"}],"author":[{"embeddable":true,"href":"https:\/\/www.ombudsman.hr\/hr\/wp-json\/wp\/v2\/users\/1"}],"replies":[{"embeddable":true,"href":"https:\/\/www.ombudsman.hr\/hr\/wp-json\/wp\/v2\/comments?post=1525"}],"version-history":[{"count":3,"href":"https:\/\/www.ombudsman.hr\/hr\/wp-json\/wp\/v2\/posts\/1525\/revisions"}],"predecessor-version":[{"id":6230,"href":"https:\/\/www.ombudsman.hr\/hr\/wp-json\/wp\/v2\/posts\/1525\/revisions\/6230"}],"wp:featuredmedia":[{"embeddable":true,"href":"https:\/\/www.ombudsman.hr\/hr\/wp-json\/wp\/v2\/media\/6224"}],"wp:attachment":[{"href":"https:\/\/www.ombudsman.hr\/hr\/wp-json\/wp\/v2\/media?parent=1525"}],"wp:term":[{"taxonomy":"category","embeddable":true,"href":"https:\/\/www.ombudsman.hr\/hr\/wp-json\/wp\/v2\/categories?post=1525"},{"taxonomy":"post_tag","embeddable":true,"href":"https:\/\/www.ombudsman.hr\/hr\/wp-json\/wp\/v2\/tags?post=1525"}],"curies":[{"name":"wp","href":"https:\/\/api.w.org\/{rel}","templated":true}]}}