{"id":15183,"date":"2022-12-30T12:41:26","date_gmt":"2022-12-30T10:41:26","guid":{"rendered":"https:\/\/www.ombudsman.hr\/hr\/?p=15183"},"modified":"2022-12-30T12:50:18","modified_gmt":"2022-12-30T10:50:18","slug":"poziv-na-dostavu-podataka-za-izvjesce-pucke-pravobraniteljice-za-2022","status":"publish","type":"post","link":"https:\/\/www.ombudsman.hr\/hr\/poziv-na-dostavu-podataka-za-izvjesce-pucke-pravobraniteljice-za-2022\/","title":{"rendered":"Poziv na dostavu podataka za Izvje\u0161\u0107e pu\u010dke pravobraniteljice za 2022."},"content":{"rendered":"<p>Pu\u010dka pravobraniteljica Tena \u0160imonovi\u0107 Einwalter poziva sve zainteresirane dionike koji djeluju u podru\u010dju ljudskih prava, suzbijanja diskriminacije, javne uprave i sl. (udruge, institucije, inicijative, branitelje ljudskih prava i dr.), na suradnju i dostavu podataka koji mogu biti korisni za pripremu Izvje\u0161\u0107a pu\u010dke pravobraniteljice za 2022. Radi se o analizi i ocjeni stanja za\u0161tite prava i sloboda u Hrvatskoj u 2022. godini, uz listu preporuka za otklanjanje sustavnih nedostataka i nepravilnosti koje dovode do povreda ustavnih i zakonskih prava gra\u0111ana.<\/p>\n<p>Sve zainteresirane dionike stoga pozivamo da nam dostave informacije, iskustva i zapa\u017eanja iz svog djelokruga rada, a to se posebno odnosi na:<\/p>\n<ol>\n<li>pojave i slu\u010dajeve povreda ljudskih prava i\/ili diskriminacije u protekloj godini<\/li>\n<li>probleme u vezi ostvarivanja ljudskih prava i\/ili diskriminacije s kojima se susre\u0107u gra\u0111ani koji vam se obra\u0107aju<\/li>\n<li>ukoliko ste ih pokretali, informacije o sudskim postupcima u vezi povreda ljudskih prava i\/ili diskriminacije, kao i o presudama u tim slu\u010dajevima<\/li>\n<li>ukoliko ste ih provodili, istra\u017eivanja u podru\u010dju ljudskih prava i u vezi pojavnosti diskriminacije<\/li>\n<li>iskustvo o tome prijavljuju li gra\u0111ani diskriminaciju rje\u0111e nego \u0161to se ona uistinu doga\u0111a i, ako da, koji su za to razlozi<\/li>\n<li>uo\u010dene probleme u ostvarivanju prava gra\u0111ana u svakodnevnom \u017eivotu u sredini u kojoj djelujete (na primjer, dostupnost zdravstvenih i socijalnih usluga, udaljenost ustanova, mre\u017ea javnog prijevoza, prava starijih osoba)<\/li>\n<li>koga prepoznajete kao najranjivije skupine u dru\u0161tvu u va\u0161oj sredini, va\u0161em podru\u010dju rada i za\u0161to (na primjer besku\u0107nici, starije osobe, pripadnici nacionalnih manjina, siroma\u0161ni i sl.)<\/li>\n<li>ukoliko pru\u017eate besplatnu pravnu pomo\u0107, eventualne pote\u0161ko\u0107e s kojima se gra\u0111ani susre\u0107u u ostvarivanju pristupa ovoj usluzi; dodatno, ukoliko ste uo\u010dili da je pristup besplatnoj pravnoj pomo\u0107i posebno ote\u017ean pojedinim skupinama gra\u0111ana, o kojim se konkretno skupinama i kakvim pote\u0161ko\u0107ama radi<\/li>\n<li>prepreke s kojima se s obzirom na va\u0161 rad na za\u0161titi ljudskih prava suo\u010davate u svom svakodnevnom radu (dostupnost sredstava, https:\/\/stagesite.ombudsman.hr\/wp-content\/uploads\/2019\/10\/post-10.pngistrativne prepreke, suradnja s jedinicama lokalne i regionalne samouprave i tijelima dr\u017eavne uprave i sl.)<\/li>\n<\/ol>\n<p>Osim toga, molimo i da nam dostavite i sva druga saznanja, kao i relevantne statisti\u010dke podatke, istra\u017eivanja, zaklju\u010dke i druge izvore informacija koje smatrate va\u017enima za ocjenu stanja ljudskih prava te u pogledu suzbijanja diskriminacije u Hrvatskoj u 2022. godini.<\/p>\n<p>Kako je Zakonom o pu\u010dkom pravobranitelju propisano da se Izvje\u0161\u0107e podnosi najkasnije do kraja prvog tromjese\u010dja za prethodnu kalendarsku godinu, molimo Vas da nam navedene informacije dostavite najkasnije <strong>do 27. sije\u010dnja 2023. godine<\/strong>.<\/p>\n<p>To mo\u017eete u\u010diniti <strong>e-mailom<\/strong> (na <a href=\"mailto:info@ombudsman.hr\">info@ombudsman.hr<\/a> \u00a0<strong>ili po\u0161tom<\/strong> (Ured pu\u010dke pravobraniteljice, Savska cesta 41\/3, 10 000 Zagreb).<\/p>\n<p>Ranija izvje\u0161\u0107a mo\u017eete prona\u0107i <a href=\"https:\/\/www.ombudsman.hr\/hr\/izvjesca-puckog-pravobranitelja\/#1655718196191-c8de4feb-8fb8\">ovdje<\/a>.<\/p>\n","protected":false},"excerpt":{"rendered":"<p>Pu\u010dka pravobraniteljica Tena \u0160imonovi\u0107 Einwalter poziva sve zainteresirane dionike koji djeluju u podru\u010dju ljudskih prava, suzbijanja diskriminacije, javne uprave i sl. (udruge, institucije, inicijative, branitelje ljudskih prava i dr.), na suradnju i dostavu podataka koji mogu biti korisni za pripremu Izvje\u0161\u0107a pu\u010dke pravobraniteljice za 2022. Radi se o analizi i ocjeni stanja za\u0161tite prava i [&hellip;]<\/p>\n","protected":false},"author":9,"featured_media":15085,"comment_status":"closed","ping_status":"closed","sticky":false,"template":"","format":"standard","meta":{"footnotes":""},"categories":[2090],"tags":[2052],"class_list":["post-15183","post","type-post","status-publish","format-standard","has-post-thumbnail","hentry","category-novosti","tag-izvjesce-2022"],"_links":{"self":[{"href":"https:\/\/www.ombudsman.hr\/hr\/wp-json\/wp\/v2\/posts\/15183","targetHints":{"allow":["GET"]}}],"collection":[{"href":"https:\/\/www.ombudsman.hr\/hr\/wp-json\/wp\/v2\/posts"}],"about":[{"href":"https:\/\/www.ombudsman.hr\/hr\/wp-json\/wp\/v2\/types\/post"}],"author":[{"embeddable":true,"href":"https:\/\/www.ombudsman.hr\/hr\/wp-json\/wp\/v2\/users\/9"}],"replies":[{"embeddable":true,"href":"https:\/\/www.ombudsman.hr\/hr\/wp-json\/wp\/v2\/comments?post=15183"}],"version-history":[{"count":2,"href":"https:\/\/www.ombudsman.hr\/hr\/wp-json\/wp\/v2\/posts\/15183\/revisions"}],"predecessor-version":[{"id":15185,"href":"https:\/\/www.ombudsman.hr\/hr\/wp-json\/wp\/v2\/posts\/15183\/revisions\/15185"}],"wp:featuredmedia":[{"embeddable":true,"href":"https:\/\/www.ombudsman.hr\/hr\/wp-json\/wp\/v2\/media\/15085"}],"wp:attachment":[{"href":"https:\/\/www.ombudsman.hr\/hr\/wp-json\/wp\/v2\/media?parent=15183"}],"wp:term":[{"taxonomy":"category","embeddable":true,"href":"https:\/\/www.ombudsman.hr\/hr\/wp-json\/wp\/v2\/categories?post=15183"},{"taxonomy":"post_tag","embeddable":true,"href":"https:\/\/www.ombudsman.hr\/hr\/wp-json\/wp\/v2\/tags?post=15183"}],"curies":[{"name":"wp","href":"https:\/\/api.w.org\/{rel}","templated":true}]}}