{"id":1506,"date":"2016-11-04T15:00:05","date_gmt":"2016-11-04T14:00:05","guid":{"rendered":"http:\/\/site.ombudsman.hr\/?p=1506"},"modified":"2019-07-24T10:29:54","modified_gmt":"2019-07-24T10:29:54","slug":"pravo-na-zdrav-zivot-na-snagu-stupio-pariski-sporazum","status":"publish","type":"post","link":"https:\/\/www.ombudsman.hr\/hr\/pravo-na-zdrav-zivot-na-snagu-stupio-pariski-sporazum\/","title":{"rendered":"Pravo na zdrav \u017eivot: na snagu stupio Pari\u0161ki sporazum"},"content":{"rendered":"<p>Pari\u0161ki sporazum, me\u0111unarodni dokument koji bi mogao pozitivno utjecati na brojna ljudska prava kroz promjene u podru\u010dju za\u0161tite okoli\u0161a, stupio je na snagu 4. studenoga 2016. Njegova primjena trebala bi osigurati smanjenje emisije stakleni\u010dkih plinova uzrokovanih ljudskim djelovanjem, koje utje\u010du na promjenu klime, a time i na pravo na \u017eivot, vodu, hranu, zdravlje i adekvatno stanovanje.<\/p>\n<p><!--more--><\/p>\n<p>Dr\u017eave potpisnice Pari\u0161kog sporazuma obvezale su se na provedbu mjera za smanjenje emisija stakleni\u010dkih plinova, pri \u010demu razvijene dr\u017eave nastavljaju imati vode\u0107u ulogu, kao i u Okvirnoj konvenciji UN-a o klimatskim promjenama (UNFCCC) te Kyoto protokolu. Republika Hrvatska priprema Zakon o potvr\u0111ivanju Pari\u0161kog sporazuma, na \u0161to smo se obvezali kao stranka UNFCCC-a, a jedan od prioriteta na\u0161e zemlje, prema Ministarstvu za\u0161tite okoli\u0161a i energetike, jest razvijanje okoli\u0161nih i energetskih strategija koje \u0107e u prvi plan stavljati upotrebu obnovljivih izvora energije.<\/p>\n<p>Uz Pari\u0161ki sporazum, i novi globalni Program odr\u017eivog razvoja do 2030. godine prilika je za daljnje unapre\u0111enje standarda ljudskih prava u za\u0161titi okoli\u0161a, a posebice prava na zdrav \u017eivot, kojeg Hrvatska garantira Ustavom, o \u010demu Ured pu\u010dke pravobraniteljice od 2013. izvje\u0161tava Hrvatski sabor.<\/p>\n<p>Program i ciljevi odr\u017eivog razvoja do 2030. godine slijede na\u010dela nediskriminacije i jednakosti te principe univerzalnosti, nedjeljivosti, me\u0111usobne ovisnosti i povezanosti ljudskih prava, posebice ekonomskih, socijalnih i okoli\u0161nih prava, a u fokusu je po prvi puta briga o prirodnim resursima i o\u010duvanje zemlje od iskori\u0161tavanja, zaga\u0111enja i degradacije.<\/p>\n<p>Pu\u010dka pravobraniteljica, kao nacionalna institucija za ljudska prava (NHRI) te \u010dlanice Globalne mre\u017ee NHRI-a (GANHRI) i predsjedavaju\u0107a Europske mre\u017ee NHRI-a (ENNHRI) sudjeluje u provedbi, pra\u0107enju te izvje\u0161tavanju o Programu odr\u017eivog razvoja do 2030. godine, kako kroz aktivnosti promicanja ljudskih prava, tako i kroz suradnju sa svim klju\u010dnim dionicima, sukladno Merida deklaraciji NHRI-a iz listopada 2015. godine.<\/p>\n","protected":false},"excerpt":{"rendered":"<p>Pari\u0161ki sporazum, me\u0111unarodni dokument koji bi mogao pozitivno utjecati na brojna ljudska prava kroz promjene u podru\u010dju za\u0161tite okoli\u0161a, stupio je na snagu 4. studenoga 2016. Njegova primjena trebala bi osigurati smanjenje emisije stakleni\u010dkih plinova uzrokovanih ljudskim djelovanjem, koje utje\u010du na promjenu klime, a time i na pravo na \u017eivot, vodu, hranu, zdravlje i adekvatno [&hellip;]<\/p>\n","protected":false},"author":1,"featured_media":6213,"comment_status":"open","ping_status":"open","sticky":false,"template":"","format":"standard","meta":{"footnotes":""},"categories":[2090],"tags":[759],"class_list":["post-1506","post","type-post","status-publish","format-standard","has-post-thumbnail","hentry","category-novosti","tag-medunarodna-suradnja"],"_links":{"self":[{"href":"https:\/\/www.ombudsman.hr\/hr\/wp-json\/wp\/v2\/posts\/1506","targetHints":{"allow":["GET"]}}],"collection":[{"href":"https:\/\/www.ombudsman.hr\/hr\/wp-json\/wp\/v2\/posts"}],"about":[{"href":"https:\/\/www.ombudsman.hr\/hr\/wp-json\/wp\/v2\/types\/post"}],"author":[{"embeddable":true,"href":"https:\/\/www.ombudsman.hr\/hr\/wp-json\/wp\/v2\/users\/1"}],"replies":[{"embeddable":true,"href":"https:\/\/www.ombudsman.hr\/hr\/wp-json\/wp\/v2\/comments?post=1506"}],"version-history":[{"count":3,"href":"https:\/\/www.ombudsman.hr\/hr\/wp-json\/wp\/v2\/posts\/1506\/revisions"}],"predecessor-version":[{"id":6215,"href":"https:\/\/www.ombudsman.hr\/hr\/wp-json\/wp\/v2\/posts\/1506\/revisions\/6215"}],"wp:featuredmedia":[{"embeddable":true,"href":"https:\/\/www.ombudsman.hr\/hr\/wp-json\/wp\/v2\/media\/6213"}],"wp:attachment":[{"href":"https:\/\/www.ombudsman.hr\/hr\/wp-json\/wp\/v2\/media?parent=1506"}],"wp:term":[{"taxonomy":"category","embeddable":true,"href":"https:\/\/www.ombudsman.hr\/hr\/wp-json\/wp\/v2\/categories?post=1506"},{"taxonomy":"post_tag","embeddable":true,"href":"https:\/\/www.ombudsman.hr\/hr\/wp-json\/wp\/v2\/tags?post=1506"}],"curies":[{"name":"wp","href":"https:\/\/api.w.org\/{rel}","templated":true}]}}