{"id":14778,"date":"2022-06-30T12:12:31","date_gmt":"2022-06-30T10:12:31","guid":{"rendered":"https:\/\/www.ombudsman.hr\/hr\/?p=14778"},"modified":"2022-09-20T13:23:42","modified_gmt":"2022-09-20T11:23:42","slug":"komentari-na-izmjene-i-dopune-zakona-o-medunarodnoj-i-privremenoj-zastiti","status":"publish","type":"post","link":"https:\/\/www.ombudsman.hr\/hr\/komentari-na-izmjene-i-dopune-zakona-o-medunarodnoj-i-privremenoj-zastiti\/","title":{"rendered":"Komentari na izmjene i dopune Zakona o me\u0111unarodnoj i privremenoj za\u0161titi"},"content":{"rendered":"<p>Ove izmjene potaknute su potrebom da se va\u017ee\u0107i Zakon uskladi s europskom pravnom ste\u010devinom, uklju\u010duju\u0107i i preciznije preno\u0161enje odredbi <a href=\"https:\/\/eur-lex.europa.eu\/legal-content\/HR\/TXT\/?uri=celex%3A32001L0055\">Direktive o privremenoj za\u0161titi<\/a>, relevantne u svjetlu ruske agresije na Ukrajinu.<\/p>\n<p>U nastavku donosimo dio na\u0161ih komentara na Prijedlog Zakona o izmjenama i dopunama Zakona o me\u0111unarodnoj i privremenoj za\u0161titi, a sve ih <a href=\"https:\/\/esavjetovanja.gov.hr\/ECon\/EconReport?entityId=20131\">mo\u017eete prona\u0107i ovdje<\/a>.<\/p>\n<h3>Zdravstvena za\u0161tita<\/h3>\n<p>Radi pravne sigurnosti, opseg zdravstvene za\u0161tite na koji prema ovom Zakonu imaju pravo osobe pod privremenom za\u0161titom, potrebno je uskladiti s opsegom koji je propisan Zakonom o obveznom zdravstvenom osiguranju i zdravstvenoj za\u0161titi stranaca.<\/p>\n<p>Tako je potrebno i u ovom Zakonu propisati da stranac pod privremenom za\u0161titom i \u010dlan obitelji stranca pod privremenom za\u0161titom ostvaruje pravo na zdravstvenu za\u0161titu u istom opsegu kao osigurana osoba iz obveznog zdravstvenog osiguranja.<\/p>\n<p>Prema <a href=\"https:\/\/esavjetovanja.gov.hr\/ECon\/EconReport?entityId=20131\">izvje\u0161\u0107u o savjetovanju<\/a>, ovaj prijedlog je prihva\u0107en.<\/p>\n<h3>Visoko obrazovanje<\/h3>\n<p>Ove izmjene prilika su da se osobama pod privremenom za\u0161titom osigura mogu\u0107nost visokog obrazovanja i priznavanje inozemnih i stru\u010dnih kvalifikacija na isti na\u010din kao \u0161to je to ure\u0111eno za azilante i osobe pod supsidijarnom za\u0161titom (oni imaju pravo na osnovno, srednje i visoko obrazovanje pod istim uvjetima kao i hrvatski dr\u017eavljanin u skladu s posebnim propisima).<\/p>\n<p>Zato bi bilo korisno u Zakonu navesti da stranac pod privremenom za\u0161titom ima pravo na osnovno, srednje i visoko obrazovanje pod istim uvjetima kao i hrvatski dr\u017eavljanin u skladu s posebnim propisima.<\/p>\n<p>Prema trenutno va\u017ee\u0107em Zakonu, stranac pod privremenom za\u0161titom ima pravo na osnovno i srednje obrazovanje te prekvalifikaciju i dokvalifikaciju pod istim uvjetima kao hrvatski dr\u017eavljanin. Zakonom o znanstvenoj djelatnosti i visokom obrazovanju je propisano da se strani dr\u017eavljani upisuju na studij pod jednakim uvjetima kao hrvatski dr\u017eavljani, ali se, sukladno odluci nadle\u017enoga dr\u017eavnog tijela ili visokog u\u010dili\u0161ta, od njih mo\u017ee tra\u017eiti pla\u0107anje dijela ili pune cijene studija.<\/p>\n<h3>Smje\u0161taj<\/h3>\n<p>Istaknuli smo i kako je potrebno doraditi odredbu po kojoj se strancu za vrijeme trajanja<br \/>\nprivremene za\u0161tite osigurava odgovaraju\u0107i smje\u0161taj ako ne posjeduje vlastita sredstva. Naime, potrebno je jasno propisati iznos tih sredstava, kao i eventualni iznos stalnih mjese\u010dnih nov\u010danih<br \/>\nprimanja.<\/p>\n<p>Prema izvje\u0161\u0107u o savjetovanju, pravo na smje\u0161taj vi\u0161e se ne povezuje s nov\u010danim sredstvima koje raseljena osoba posjeduje, \u010dime se odredba uskla\u0111uje s Direktivom.<\/p>\n<p>Sve ostale komentare koje smo dali na Prijedlog Zakona o izmjenama i dopunama Zakona o me\u0111unarodnoj i privremenoj za\u0161titi, <a href=\"https:\/\/esavjetovanja.gov.hr\/ECon\/EconReport?entityId=20131\">prona\u0111ite ovdje<\/a>.<\/p>\n","protected":false},"excerpt":{"rendered":"<p>Ove izmjene potaknute su potrebom da se va\u017ee\u0107i Zakon uskladi s europskom pravnom ste\u010devinom, uklju\u010duju\u0107i i preciznije preno\u0161enje odredbi Direktive o privremenoj za\u0161titi, relevantne u svjetlu ruske agresije na Ukrajinu. U nastavku donosimo dio na\u0161ih komentara na Prijedlog Zakona o izmjenama i dopunama Zakona o me\u0111unarodnoj i privremenoj za\u0161titi, a sve ih mo\u017eete prona\u0107i ovdje. [&hellip;]<\/p>\n","protected":false},"author":9,"featured_media":14779,"comment_status":"closed","ping_status":"closed","sticky":false,"template":"","format":"standard","meta":{"footnotes":""},"categories":[2090],"tags":[414,2029,1865,2030,2028],"class_list":["post-14778","post","type-post","status-publish","format-standard","has-post-thumbnail","hentry","category-novosti","tag-migracije","tag-izbjeglice","tag-migranti","tag-privremena-zastita","tag-ukrajina"],"_links":{"self":[{"href":"https:\/\/www.ombudsman.hr\/hr\/wp-json\/wp\/v2\/posts\/14778","targetHints":{"allow":["GET"]}}],"collection":[{"href":"https:\/\/www.ombudsman.hr\/hr\/wp-json\/wp\/v2\/posts"}],"about":[{"href":"https:\/\/www.ombudsman.hr\/hr\/wp-json\/wp\/v2\/types\/post"}],"author":[{"embeddable":true,"href":"https:\/\/www.ombudsman.hr\/hr\/wp-json\/wp\/v2\/users\/9"}],"replies":[{"embeddable":true,"href":"https:\/\/www.ombudsman.hr\/hr\/wp-json\/wp\/v2\/comments?post=14778"}],"version-history":[{"count":3,"href":"https:\/\/www.ombudsman.hr\/hr\/wp-json\/wp\/v2\/posts\/14778\/revisions"}],"predecessor-version":[{"id":14789,"href":"https:\/\/www.ombudsman.hr\/hr\/wp-json\/wp\/v2\/posts\/14778\/revisions\/14789"}],"wp:featuredmedia":[{"embeddable":true,"href":"https:\/\/www.ombudsman.hr\/hr\/wp-json\/wp\/v2\/media\/14779"}],"wp:attachment":[{"href":"https:\/\/www.ombudsman.hr\/hr\/wp-json\/wp\/v2\/media?parent=14778"}],"wp:term":[{"taxonomy":"category","embeddable":true,"href":"https:\/\/www.ombudsman.hr\/hr\/wp-json\/wp\/v2\/categories?post=14778"},{"taxonomy":"post_tag","embeddable":true,"href":"https:\/\/www.ombudsman.hr\/hr\/wp-json\/wp\/v2\/tags?post=14778"}],"curies":[{"name":"wp","href":"https:\/\/api.w.org\/{rel}","templated":true}]}}