{"id":14653,"date":"2022-07-19T10:05:02","date_gmt":"2022-07-19T08:05:02","guid":{"rendered":"https:\/\/www.ombudsman.hr\/hr\/?p=14653"},"modified":"2022-07-19T10:05:02","modified_gmt":"2022-07-19T08:05:02","slug":"pucka-pravobraniteljica-na-celu-europske-mreze-tijela-za-jednakost-equinet","status":"publish","type":"post","link":"https:\/\/www.ombudsman.hr\/hr\/pucka-pravobraniteljica-na-celu-europske-mreze-tijela-za-jednakost-equinet\/","title":{"rendered":"Pu\u010dka pravobraniteljica na \u010delu Europske mre\u017ee tijela za jednakost &#8211; Equinet"},"content":{"rendered":"<p>Pu\u010dka pravobraniteljica Tena \u0160imonovi\u0107 Einwalter ponovno je izabrana za predsjedavaju\u0107u Izvr\u0161nog odbora Europske mre\u017ee tijela za jednakost (Equinet), koja okuplja preko 40 nacionalnih institucija za suzbijanje diskriminacije i promociju jednakosti, iz svih dr\u017eava \u010dlanica EU i \u0161ire.<\/p>\n<p>Pravobraniteljica \u0160imonovi\u0107 Einwalter izabrana je 4. srpnja jednoglasnom odlukom \u010dlanova Izvr\u0161nog odbora, \u010dime je po tre\u0107i put postala predsjedavaju\u0107a, nakon \u0161to je ovu ulogu imala u dva ranija mandata (2017. &#8211; 2019. i 2019. &#8211; 2021.).<\/p>\n<p>\u201eIzuzetna mi je \u010dast predsjedati ovom mre\u017eom u povijesnom trenutku u kojem se nalazimo, samo nekoliko mjeseci nakon \u0161to je Europska komisija predlo\u017eila EU zakonska rje\u0161enja o standardima za tijela za jednakost. Svjesna sam potrebe za nastavkom sna\u017enog vodstva Equineta i njegovih \u010dlanova te se nadam da \u0107e moje prethodno iskustvo u ovoj ulozi, ali i iskustvo koje nosim iz godina zagovaranja europskog zakonodavstva o standardima i rada na njegovom razvoju, biti korisni u vremenu koje slijedi. Iskreno se veselim zajedni\u010dkim naporima da postignemo ovu prekretnicu\u201d, izjavila je pravobraniteljica tim povodom.<\/p>\n<p>Izvanredni izbor za \u010delnika odr\u017ean je nakon \u0161to je dosada\u0161nji predsjedavaju\u0107i Laurence Bond najavio odlazak s mjesta \u010delnika irske nacionalne institucije (Irske komisije za ljudska prava i jednakost &#8211; IHREC), \u0161to automatski podrazumijeva i prestanak \u010dlanstva u Izvr\u0161nom odboru Equineta kao mre\u017ee nacionalnih institucija. Tom prilikom, zahvalio je svim \u010dlanovima Izvr\u0161nog odbora i Tajni\u0161tva na odli\u010dnoj suradnji, a institucijama \u010dlanovima Equineta na predanosti i aktivnosti, koje ovu mre\u017eu \u010dine ne samo inspirativnom, ve\u0107 i predvodnikom u Europi u promociji jednakosti za sve ljude.<\/p>\n<p>Kao \u010delnici Equineta, novi mandat pravobraniteljici traje do kraja 2023. godine, kada se odr\u017eavaju redovni izbori za Izvr\u0161ni odbor i potom za predsjedavaju\u0107eg\/u ove organizacije.<\/p>\n","protected":false},"excerpt":{"rendered":"<p>Pu\u010dka pravobraniteljica Tena \u0160imonovi\u0107 Einwalter ponovno je izabrana za predsjedavaju\u0107u Izvr\u0161nog odbora Europske mre\u017ee tijela za jednakost (Equinet), koja okuplja preko 40 nacionalnih institucija za suzbijanje diskriminacije i promociju jednakosti, iz svih dr\u017eava \u010dlanica EU i \u0161ire. Pravobraniteljica \u0160imonovi\u0107 Einwalter izabrana je 4. srpnja jednoglasnom odlukom \u010dlanova Izvr\u0161nog odbora, \u010dime je po tre\u0107i put postala [&hellip;]<\/p>\n","protected":false},"author":9,"featured_media":14654,"comment_status":"closed","ping_status":"closed","sticky":false,"template":"","format":"standard","meta":{"footnotes":""},"categories":[2090],"tags":[296,759,629],"class_list":["post-14653","post","type-post","status-publish","format-standard","has-post-thumbnail","hentry","category-novosti","tag-equinet","tag-medunarodna-suradnja","tag-suzbijanje-diskriminacije"],"_links":{"self":[{"href":"https:\/\/www.ombudsman.hr\/hr\/wp-json\/wp\/v2\/posts\/14653","targetHints":{"allow":["GET"]}}],"collection":[{"href":"https:\/\/www.ombudsman.hr\/hr\/wp-json\/wp\/v2\/posts"}],"about":[{"href":"https:\/\/www.ombudsman.hr\/hr\/wp-json\/wp\/v2\/types\/post"}],"author":[{"embeddable":true,"href":"https:\/\/www.ombudsman.hr\/hr\/wp-json\/wp\/v2\/users\/9"}],"replies":[{"embeddable":true,"href":"https:\/\/www.ombudsman.hr\/hr\/wp-json\/wp\/v2\/comments?post=14653"}],"version-history":[{"count":1,"href":"https:\/\/www.ombudsman.hr\/hr\/wp-json\/wp\/v2\/posts\/14653\/revisions"}],"predecessor-version":[{"id":14655,"href":"https:\/\/www.ombudsman.hr\/hr\/wp-json\/wp\/v2\/posts\/14653\/revisions\/14655"}],"wp:featuredmedia":[{"embeddable":true,"href":"https:\/\/www.ombudsman.hr\/hr\/wp-json\/wp\/v2\/media\/14654"}],"wp:attachment":[{"href":"https:\/\/www.ombudsman.hr\/hr\/wp-json\/wp\/v2\/media?parent=14653"}],"wp:term":[{"taxonomy":"category","embeddable":true,"href":"https:\/\/www.ombudsman.hr\/hr\/wp-json\/wp\/v2\/categories?post=14653"},{"taxonomy":"post_tag","embeddable":true,"href":"https:\/\/www.ombudsman.hr\/hr\/wp-json\/wp\/v2\/tags?post=14653"}],"curies":[{"name":"wp","href":"https:\/\/api.w.org\/{rel}","templated":true}]}}