{"id":14485,"date":"2022-06-20T08:00:37","date_gmt":"2022-06-20T06:00:37","guid":{"rendered":"https:\/\/www.ombudsman.hr\/hr\/?p=14485"},"modified":"2022-06-20T08:58:06","modified_gmt":"2022-06-20T06:58:06","slug":"svjetski-dan-izbjeglica","status":"publish","type":"post","link":"https:\/\/www.ombudsman.hr\/hr\/svjetski-dan-izbjeglica\/","title":{"rendered":"Svjetski dan izbjeglica"},"content":{"rendered":"<p>U znak podr\u0161ke milijunima osoba koje su \u0161irom svijeta zbog razli\u010ditih razloga bile primorane napustiti svoje domove, 20. lipnja se na inicijativu Ujedinjenih naroda obilje\u017eava Svjetski dan izbjeglica. Prema posljednjim podacima <a href=\"https:\/\/www.unhcr.org\/news\/press\/2022\/5\/628a389e4\/unhcr-ukraine-other-conflicts-push-forcibly-displaced-total-100-million.html#:~:text=GENEVA%20%2D%20The%20number%20of%20people,Ukraine%20and%20other%20deadly%20conflicts.\">UNHCR<\/a>-a, po prvi puta je u svijetu vi\u0161e od \u00a0100 milijuna izbjeglica i to nam mora poslu\u017eiti kao \u201epoziv na bu\u0111enje\u201c, upozorava Filippo Grandi, UN-ov visoki povjerenik za izbjeglice. Prilika je to i da se podigne svijest o njihovim pravima i uka\u017ee na iznimno ranjiv polo\u017eaj u kojem se u mnogim zemljama nalaze.<\/p>\n<p>Ovo pitanje dodatno je aktualizirano nakon agresije Ruske Federacije na Ukrajinu, zbog \u010dega je velik broj stanovnika te zemlje morao napustiti svoje domove u potrazi za sigurno\u0161\u0107u. Ve\u0107ina ih je izbjegla u susjedne zemlje, ali dio njih je i u Hrvatskoj, koja im je pru\u017eila podr\u0161ku i pokazala solidarnost.<\/p>\n<p>Svjetski dan izbjeglica ove godine u fokus stavlja upravo pravo izbjeglica da potra\u017ee sigurnost. Naime, svim ljudima u opasnosti potrebno je pru\u017eiti za\u0161titu, a to se odnosi i na neometan pristup pravu na tra\u017eenje azila kako bi im se omogu\u0107ila za\u0161tita u sigurnoj zemlji, kao i siguran prelazak granica za sve koji su zbog ratova, nasilja ili progona bili prisiljeni oti\u0107i iz svojih zemalja.<\/p>\n<p>Da bi to bilo mogu\u0107e va\u017eno je sprije\u010diti tzv. pushback-ove i provoditi individualiziranu procjenu potrebe za za\u0161titom. Naime, vra\u0107anje bez razmatranja individualnih okolnosti mo\u017ee dovesti do povreda ljudskih prava zajam\u010denih brojnim me\u0111unarodnim konvencijama i nacionalnim zakonima i propisima, primjerice, prava na \u017eivot, azil, za\u0161titu od mu\u010denja, ne\u010dovje\u010dnog ili poni\u017eavaju\u0107eg postupanja ili ka\u017enjavanja.<\/p>\n<p>Kad je u pitanju Hrvatska, najzna\u010dajniji nedavni doga\u0111aj u ovom podru\u010dju odluka je Europskog suda za ljudska prava u slu\u010daju pogibije djevoj\u010dice Madine Hosseini, koji je utvrdio odgovornost RH za povrede niza prava izbjegli\u010dke obitelji iz Afganistana, uklju\u010duju\u0107i i zna\u010dajne nedostatke u postupku istra\u017eivanja okolnosti smrti djevoj\u010dice. Nakon \u0161to je odluka u travnju postala kona\u010dna, klju\u010dno \u0107e biti njezino izvr\u0161enje, \u0161to \u0107emo pratiti u skladu sa svojim nadle\u017enostima.<\/p>\n<p>Detaljnu analizu i preporuke vezane za tra\u017eitelje me\u0111unarodne za\u0161tite i iregularne migrante mo\u017eete prona\u0107i u <a href=\"https:\/\/www.ombudsman.hr\/hr\/trazitelji-medunarodne-zastite-i-iregularni-migranti-3\/\">Izvje\u0161\u0107u pu\u010dke pravobraniteljice za 2021.<\/a><\/p>\n","protected":false},"excerpt":{"rendered":"<p>U znak podr\u0161ke milijunima osoba koje su \u0161irom svijeta zbog razli\u010ditih razloga bile primorane napustiti svoje domove, 20. lipnja se na inicijativu Ujedinjenih naroda obilje\u017eava Svjetski dan izbjeglica. Prema posljednjim podacima UNHCR-a, po prvi puta je u svijetu vi\u0161e od \u00a0100 milijuna izbjeglica i to nam mora poslu\u017eiti kao \u201epoziv na bu\u0111enje\u201c, upozorava Filippo Grandi, [&hellip;]<\/p>\n","protected":false},"author":9,"featured_media":14486,"comment_status":"closed","ping_status":"closed","sticky":false,"template":"","format":"standard","meta":{"footnotes":""},"categories":[2090],"tags":[414,2029,1865,2028],"class_list":["post-14485","post","type-post","status-publish","format-standard","has-post-thumbnail","hentry","category-novosti","tag-migracije","tag-izbjeglice","tag-migranti","tag-ukrajina"],"_links":{"self":[{"href":"https:\/\/www.ombudsman.hr\/hr\/wp-json\/wp\/v2\/posts\/14485","targetHints":{"allow":["GET"]}}],"collection":[{"href":"https:\/\/www.ombudsman.hr\/hr\/wp-json\/wp\/v2\/posts"}],"about":[{"href":"https:\/\/www.ombudsman.hr\/hr\/wp-json\/wp\/v2\/types\/post"}],"author":[{"embeddable":true,"href":"https:\/\/www.ombudsman.hr\/hr\/wp-json\/wp\/v2\/users\/9"}],"replies":[{"embeddable":true,"href":"https:\/\/www.ombudsman.hr\/hr\/wp-json\/wp\/v2\/comments?post=14485"}],"version-history":[{"count":4,"href":"https:\/\/www.ombudsman.hr\/hr\/wp-json\/wp\/v2\/posts\/14485\/revisions"}],"predecessor-version":[{"id":14529,"href":"https:\/\/www.ombudsman.hr\/hr\/wp-json\/wp\/v2\/posts\/14485\/revisions\/14529"}],"wp:featuredmedia":[{"embeddable":true,"href":"https:\/\/www.ombudsman.hr\/hr\/wp-json\/wp\/v2\/media\/14486"}],"wp:attachment":[{"href":"https:\/\/www.ombudsman.hr\/hr\/wp-json\/wp\/v2\/media?parent=14485"}],"wp:term":[{"taxonomy":"category","embeddable":true,"href":"https:\/\/www.ombudsman.hr\/hr\/wp-json\/wp\/v2\/categories?post=14485"},{"taxonomy":"post_tag","embeddable":true,"href":"https:\/\/www.ombudsman.hr\/hr\/wp-json\/wp\/v2\/tags?post=14485"}],"curies":[{"name":"wp","href":"https:\/\/api.w.org\/{rel}","templated":true}]}}