{"id":1379,"date":"2016-06-01T08:26:48","date_gmt":"2016-06-01T08:26:48","guid":{"rendered":"http:\/\/site.ombudsman.hr\/?p=1379"},"modified":"2019-07-25T09:20:40","modified_gmt":"2019-07-25T09:20:40","slug":"vijece-europe-val-nacionalizma-i-politicke-radikalizacije-negativno-utjece-na-manjinska-prava","status":"publish","type":"post","link":"https:\/\/www.ombudsman.hr\/hr\/vijece-europe-val-nacionalizma-i-politicke-radikalizacije-negativno-utjece-na-manjinska-prava\/","title":{"rendered":"Vije\u0107e Europe: Val nacionalizma i politi\u010dke radikalizacije negativno utje\u010de na manjinska prava"},"content":{"rendered":"<p>Odbor Vije\u0107a Europe o provedbi Konvencije o za\u0161titi nacionalnih manjina objavio je izvje\u0161\u0107e o Hrvatskoj usvojeno u studenom 2015., u kojem isti\u010de da je pravni okvir dobar, ali da provala nacionalizma ugro\u017eava manjinska prava.<\/p>\n<p>&#8220;Op\u0107enito gledaju\u0107i, val nacionalizma i politi\u010dke radikalizacije negativno utje\u010de na manjinska prava, posebno u podru\u010djima te\u0161ko pogo\u0111enima sukobom&#8221;, isti\u010de to savjetodavno tijelo VE-a sa sjedi\u0161tem u Strasbourgu.<\/p>\n<p>Odbor prigovara Hrvatskoj da je u javnim slu\u017ebama zaposleno premalo pripadnika manjina, da neke lokalne jedinice ne primjenjuju njihovo pravo na jezik i pismo te da je u medijima i politi\u010dkom \u017eivotu sve vi\u0161e govora mr\u017enje.<\/p>\n<p><!--more--><\/p>\n<p>&#8220;Javnom raspravom dominiraju predrasude i protumanjinska retorika, zbog \u010dega se pojedinci ustru\u010davaju tra\u017eiti svoja prava iz straha od negativnih posljedica&#8221;, navodi se u izvje\u0161\u0107u VE-a, me\u0111unarodne organizacije koja okuplja 47 europskih zemalja.<\/p>\n<p>Odbor u zaklju\u010dcima tra\u017ei od vlade da se posveti manjinskim pravima kao sastavnom dijelu svojih nacionalnih i me\u0111unarodnih obveza, suprotstavi o\u017eivljavanju nacionalizma i posveti promoviranju otvorenosti i po\u0161tivanju razli\u010ditosti u dru\u0161tvu.<\/p>\n<p>Cijelo Izvje\u0161\u0107e, kao i odgovor Vlade RH na upu\u0107ene preporuke, mo\u017eete prona\u0107i <a href=\"http:\/\/www.coe.int\/en\/web\/minorities\/-\/croatia-publication-of-the-4th-advisory-committee-opinion\">ovdje.<\/a><\/p>\n<p>Autor: Hina\/UPP<\/p>\n","protected":false},"excerpt":{"rendered":"<p>Odbor Vije\u0107a Europe o provedbi Konvencije o za\u0161titi nacionalnih manjina objavio je izvje\u0161\u0107e o Hrvatskoj usvojeno u studenom 2015., u kojem isti\u010de da je pravni okvir dobar, ali da provala nacionalizma ugro\u017eava manjinska prava. &#8220;Op\u0107enito gledaju\u0107i, val nacionalizma i politi\u010dke radikalizacije negativno utje\u010de na manjinska prava, posebno u podru\u010djima te\u0161ko pogo\u0111enima sukobom&#8221;, isti\u010de to savjetodavno [&hellip;]<\/p>\n","protected":false},"author":1,"featured_media":6471,"comment_status":"open","ping_status":"open","sticky":false,"template":"","format":"standard","meta":{"footnotes":""},"categories":[2090],"tags":[404,432,675],"class_list":["post-1379","post","type-post","status-publish","format-standard","has-post-thumbnail","hentry","category-novosti","tag-medunarodne-novosti","tag-nacionalne-manjine","tag-vijece-europe"],"_links":{"self":[{"href":"https:\/\/www.ombudsman.hr\/hr\/wp-json\/wp\/v2\/posts\/1379","targetHints":{"allow":["GET"]}}],"collection":[{"href":"https:\/\/www.ombudsman.hr\/hr\/wp-json\/wp\/v2\/posts"}],"about":[{"href":"https:\/\/www.ombudsman.hr\/hr\/wp-json\/wp\/v2\/types\/post"}],"author":[{"embeddable":true,"href":"https:\/\/www.ombudsman.hr\/hr\/wp-json\/wp\/v2\/users\/1"}],"replies":[{"embeddable":true,"href":"https:\/\/www.ombudsman.hr\/hr\/wp-json\/wp\/v2\/comments?post=1379"}],"version-history":[{"count":4,"href":"https:\/\/www.ombudsman.hr\/hr\/wp-json\/wp\/v2\/posts\/1379\/revisions"}],"predecessor-version":[{"id":6473,"href":"https:\/\/www.ombudsman.hr\/hr\/wp-json\/wp\/v2\/posts\/1379\/revisions\/6473"}],"wp:featuredmedia":[{"embeddable":true,"href":"https:\/\/www.ombudsman.hr\/hr\/wp-json\/wp\/v2\/media\/6471"}],"wp:attachment":[{"href":"https:\/\/www.ombudsman.hr\/hr\/wp-json\/wp\/v2\/media?parent=1379"}],"wp:term":[{"taxonomy":"category","embeddable":true,"href":"https:\/\/www.ombudsman.hr\/hr\/wp-json\/wp\/v2\/categories?post=1379"},{"taxonomy":"post_tag","embeddable":true,"href":"https:\/\/www.ombudsman.hr\/hr\/wp-json\/wp\/v2\/tags?post=1379"}],"curies":[{"name":"wp","href":"https:\/\/api.w.org\/{rel}","templated":true}]}}