{"id":1372,"date":"2016-05-24T09:42:06","date_gmt":"2016-05-24T09:42:06","guid":{"rendered":"http:\/\/site.ombudsman.hr\/?p=1372"},"modified":"2019-07-25T10:42:38","modified_gmt":"2019-07-25T10:42:38","slug":"pravni-fakultet-u-rijeci-prezentacija-studentima-o-instituciji-puckog-pravobranitelja-i-diskriminaciji-u-praksi","status":"publish","type":"post","link":"https:\/\/www.ombudsman.hr\/hr\/pravni-fakultet-u-rijeci-prezentacija-studentima-o-instituciji-puckog-pravobranitelja-i-diskriminaciji-u-praksi\/","title":{"rendered":"Pravni fakultet u Rijeci \u2013 prezentacija studentima o instituciji pu\u010dkog pravobranitelja i diskriminaciji u praksi"},"content":{"rendered":"<p>U sklopu predmeta ustavno pravo, savjetnica pu\u010dke pravobraniteljice iz Podru\u010dnog ureda u Rijeci predstavila je studentima Pravnog fakulteta Sveu\u010dili\u0161ta u Rijeci 20. svibnja 2016. instituciju pu\u010dkog pravobranitelja i pojave diskriminacije u praksi.<\/p>\n<p>Studenti su upoznati sa zakonskom definicijom pu\u010dkog pravobranitelja, strukturom Ureda pu\u010dke pravobraniteljice, ovlastima, na\u010dinom rada po pritu\u017ebama i na vlastitu inicijativu te podru\u010djima rada. Posebno su poja\u0161njene nadle\u017enosti u postupanju radi za\u0161tite prava osoba li\u0161enih slobode i ograni\u010dene slobode kretanja te radu Nacionalnog preventivnog mehanizma. U sklopu ovog dijela predavanja predstavljen je na\u010din rada prilikom nenajavljenih obilazaka tijela i ustanova u kojima se nalaze osobe li\u0161ene slobode kretanja te izvje\u0161\u0107ima, odnosno preporukama koje se daju u slu\u010daju utvr\u0111ene povrede prava osoba li\u0161enih slobode.<\/p>\n<p><!--more--><\/p>\n<p>Studente je savjetnica tako\u0111er upoznala s postupanjima ureda u predmetima diskriminacije, zakonskom definicijom i oblicima diskriminacije, kao i zakonskom za\u0161titom. Tako\u0111er su im prezentirani rezultati <a href=\"http:\/\/site.ombudsman.hr\/?p=464\">istra\u017eivanja Ureda o pojavnim oblicima diskriminacije<\/a> u na\u0161em dru\u0161tvu i skupinama gra\u0111ana koji su naro\u010dito pogo\u0111eni predrasudama te naj\u010de\u0161\u0107im primjerima diskriminacije u svakodnevnom \u017eivotu.<\/p>\n<p>U drugom dijelu predavanja studentima su prezentirani konkretni diskriminacijski slu\u010dajevi iz podru\u010dja prekr\u0161ajnog, kaznenog i gra\u0111anskog prava, kao i osnovne specifi\u010dnosti svake od navedenih vrsta sudskih postupaka. Ukazano je na problematiku primjene antidiskriminacijskog zakonodavstva, prekr\u0161ajno ka\u017enjavanje okrivljenika ispod zakonskog minimuma te vrlo mali broj kaznenih diskriminacijskih postupaka.<\/p>\n<p>Tijekom predavanja studenti su vrlo aktivno postavljali pitanja i to ponajvi\u0161e vezano za konkretne slu\u010dajeve diskriminacije s kojima se susre\u0107u ili za koje su saznali putem medija. Pri tome je poja\u0161njena razlika izme\u0111u slobode izra\u017eavanja i diskriminacije kao i mogu\u0107nostima za\u0161tite od diskriminacije.<\/p>\n<p>Tijekom prezentacije, studenti su se upoznali s aktivnostima Ureda tijekom izbjegli\u010dke krize u 2015. godini, koje su <a href=\"https:\/\/vimeo.com\/148253449\">predstavljene u kratkom videu<\/a>.<\/p>\n<p>Izv.prof.dr.sc. Sanja Bari\u0107 iskazala je zadovoljstvo ovom vrstom suradnje Pravnog fakulteta u Rijeci s uredom pu\u010dke pravobraniteljice te se kroz aktivno sudjelovanje studenata mogla zaklju\u010diti njihova zainteresiranost za prezentirane teme.<\/p>\n","protected":false},"excerpt":{"rendered":"<p>U sklopu predmeta ustavno pravo, savjetnica pu\u010dke pravobraniteljice iz Podru\u010dnog ureda u Rijeci predstavila je studentima Pravnog fakulteta Sveu\u010dili\u0161ta u Rijeci 20. svibnja 2016. instituciju pu\u010dkog pravobranitelja i pojave diskriminacije u praksi. Studenti su upoznati sa zakonskom definicijom pu\u010dkog pravobranitelja, strukturom Ureda pu\u010dke pravobraniteljice, ovlastima, na\u010dinom rada po pritu\u017ebama i na vlastitu inicijativu te podru\u010djima [&hellip;]<\/p>\n","protected":false},"author":1,"featured_media":6536,"comment_status":"open","ping_status":"open","sticky":false,"template":"","format":"standard","meta":{"footnotes":""},"categories":[2090],"tags":[615,629],"class_list":["post-1372","post","type-post","status-publish","format-standard","has-post-thumbnail","hentry","category-novosti","tag-studenti","tag-suzbijanje-diskriminacije"],"_links":{"self":[{"href":"https:\/\/www.ombudsman.hr\/hr\/wp-json\/wp\/v2\/posts\/1372","targetHints":{"allow":["GET"]}}],"collection":[{"href":"https:\/\/www.ombudsman.hr\/hr\/wp-json\/wp\/v2\/posts"}],"about":[{"href":"https:\/\/www.ombudsman.hr\/hr\/wp-json\/wp\/v2\/types\/post"}],"author":[{"embeddable":true,"href":"https:\/\/www.ombudsman.hr\/hr\/wp-json\/wp\/v2\/users\/1"}],"replies":[{"embeddable":true,"href":"https:\/\/www.ombudsman.hr\/hr\/wp-json\/wp\/v2\/comments?post=1372"}],"version-history":[{"count":3,"href":"https:\/\/www.ombudsman.hr\/hr\/wp-json\/wp\/v2\/posts\/1372\/revisions"}],"predecessor-version":[{"id":6537,"href":"https:\/\/www.ombudsman.hr\/hr\/wp-json\/wp\/v2\/posts\/1372\/revisions\/6537"}],"wp:featuredmedia":[{"embeddable":true,"href":"https:\/\/www.ombudsman.hr\/hr\/wp-json\/wp\/v2\/media\/6536"}],"wp:attachment":[{"href":"https:\/\/www.ombudsman.hr\/hr\/wp-json\/wp\/v2\/media?parent=1372"}],"wp:term":[{"taxonomy":"category","embeddable":true,"href":"https:\/\/www.ombudsman.hr\/hr\/wp-json\/wp\/v2\/categories?post=1372"},{"taxonomy":"post_tag","embeddable":true,"href":"https:\/\/www.ombudsman.hr\/hr\/wp-json\/wp\/v2\/tags?post=1372"}],"curies":[{"name":"wp","href":"https:\/\/api.w.org\/{rel}","templated":true}]}}