{"id":13547,"date":"2022-04-07T20:38:23","date_gmt":"2022-04-07T18:38:23","guid":{"rendered":"https:\/\/www.ombudsman.hr\/hr\/?p=13547"},"modified":"2022-04-07T20:38:28","modified_gmt":"2022-04-07T18:38:28","slug":"svjetski-dan-zdravlja-neraskidiva-veza-izmedu-zagadenosti-okolisa-i-ljudskog-zdravlja","status":"publish","type":"post","link":"https:\/\/www.ombudsman.hr\/hr\/svjetski-dan-zdravlja-neraskidiva-veza-izmedu-zagadenosti-okolisa-i-ljudskog-zdravlja\/","title":{"rendered":"Svjetski dan zdravlja \u2013 neraskidiva veza izme\u0111u zaga\u0111enosti okoli\u0161a i ljudskog zdravlja"},"content":{"rendered":"\n<p>Devet od deset ljudi diljem svijeta udi\u0161e zaga\u0111eni zrak, a svake minute ih \u010dak 13 umre od raka plu\u0107a, bolesti srca i mo\u017edanih udara koji se s tim zaga\u0111enjem mogu povezati. Ove alarmantne podatke Svjetska zdravstvena organizacija objavila je povodom <a href=\"https:\/\/www.who.int\/campaigns\/world-health-day\/2022\">Svjetskog dana zdravlja<\/a> (7. travnja), koji se obilje\u017eava uz slogan Na\u0161 planet, na\u0161e zdravlje.<\/p>\n\n\n\n<p>Tim povodom pu\u010dka pravobraniteljica Tena \u0160imonovi\u0107 Einwalter podsje\u0107a na neraskidivu povezanost izme\u0111u zdravlja i &nbsp;brige za planet, koji su ujedinjeni u <strong>ljudskom pravu na zdrav \u017eivot i zdrav okoli\u0161.<\/strong><\/p>\n\n\n\n<p>Kad je u pitanju Hrvatska, gra\u0111ani se pravobraniteljici obra\u0107aju s pritu\u017ebama na one\u010di\u0161\u0107enje zraka, vode, tla i morskog okoli\u0161a, uklju\u010duju\u0107i devastaciju obale i za\u0161ti\u0107enog podru\u010dja, zatim zbog nepropisnog gospodarenja otpadom, nedovoljne za\u0161tite od buke i svjetlosnog one\u010di\u0161\u0107enja i sumnje na pretjerano neioniziraju\u0107e zra\u010denje baznih stanica mobilnih operatera. O ovim pritu\u017ebama je pro\u0161log tjedna izvijestila Hrvatski sabor u Izvje\u0161\u0107u pu\u010dke pravobraniteljice za 2021. godinu, u poglavlju o pravu na zdrav \u017eivot i zdrav okoli\u0161, napisanom izme\u0111u ostalog na temelju ispitnih postupaka u 134 predmeta koje je otvorila na vlastitu inicijativu ili nakon pritu\u017ebi gra\u0111ana, pri \u010demu je postupak u nekima uklju\u010divao terenske posjete.<\/p>\n\n\n\n<p>Osim pregleda problema, pravobraniteljica je u Izvje\u0161\u0107u dala i preporuke za ja\u010danje prava na zdrav \u017eivot i zdrav okoli\u0161. Primjerice, potrebno je da Ministarstvo gospodarstva i odr\u017eivog razvoja donese Pravilnik o mjerenju i na\u010dinu pra\u0107enja rasvijetljenosti okoli\u0161a iz Zakona o za\u0161titi od svjetlosnog one\u010di\u0161\u0107enja, s obzirom da je bez ovog Pravilnika zna\u010dajno ote\u017eano postupanje komunalnog redarstva po prijavama inspekcije za\u0161tite okoli\u0161a. Isto Ministarstvo trebalo bi i unaprijediti sustavni nadzor i osigurati stru\u010dne kapacitete javnih ustanova za u\u010dinkoviti nadzor nad speleolo\u0161kim objektima, a \u0161to je posebno va\u017eno s obzirom da se u Hrvatskoj \u010dak 70% pitke vode nalazi u kr\u0161kom podzemlju. Istovremeno, volonteri speleolo\u0161ke inicijative \u201e\u010cisto podzemlje\u201c dokumentirali su \u010dak 938 divljih deponija u \u0161piljama i jamama po Hrvatskoj i iz njih 46 izvadili 276 kubika otpada.<\/p>\n\n\n\n<p>S obzirom na va\u017enost za\u0161tite prava na zdrav \u017eivot i zdrav okoli\u0161 u sudskim postupcima, preporu\u010da se i da Pravosudna akademija provodi edukacije sudaca iz okoli\u0161nog prava. To uklju\u010duje i za\u0161titu prava na pristup okoli\u0161nim informacijama, na sudjelovanje javnosti i na pristup pravosu\u0111u u okoli\u0161nim pitanjima, odnosno prava iz Aarhu\u0161ke konvencije zbog \u010dijih se povreda pravobraniteljici obra\u0107aju udruge za za\u0161titu okoli\u0161a i prirode.<\/p>\n\n\n\n<p>No, prvenstveno je potrebno da Vlada, kroz zakone i druge propise, dodatno razradi ustavno pravo na zdrav \u017eivot i zdrav okoli\u0161, i to s obzirom i na Rezoluciju Vije\u0107a za ljudska prava UN-a iz listopada 2021. godine kojom je na me\u0111unarodnoj razini prepoznato pravo na \u010dist, zdrav i odr\u017eiv okoli\u0161 kao ljudsko pravo. Ovakav pomak pravobraniteljica je zagovarala kroz aktivnosti Globalne alijanse nacionalnih institucija za ljudska prava (GANHRI) i Europske mre\u017ee nacionalnih institucija za ljudska prava (ENNHRI), me\u0111unarodnih mre\u017ea u kojima je djelovala kao \u010dlanica izvr\u0161nih odbora.<\/p>\n\n\n\n<p><strong>DODATNE INFORMACIJE:<\/strong><\/p>\n\n\n\n<ul class=\"wp-block-list\"><li><em>\u010citavo poglavlje Pravo na zdrav \u017eivot i zdrav okoli\u0161 iz Izvje\u0161\u0107a pu\u010dke pravobraniteljice za 2021. <\/em><a href=\"https:\/\/www.ombudsman.hr\/hr\/download\/izvjesce-pucke-pravobraniteljice-za-2021-godinu\/?wpdmdl=13454&#038;refresh=624ea565c7f031649321317#page=154\"><em>mo\u017eete prona\u0107i ovdje<\/em><\/a><em><\/em><\/li><li><em>Institucija je pro\u0161le godine Hrvatskom saboru predala i Posebno izvje\u0161\u0107e o pravu na zdrav \u017eivot, koje mo\u017eete prona\u0107i <\/em><a href=\"https:\/\/www.ombudsman.hr\/hr\/pravo-na-zdrav-zivot-i-klimatske-promjene-u-rh-posebno-izvjesce\/\"><em>ovdje<\/em><\/a><em> (interaktivna verzija) i <\/em><a href=\"https:\/\/www.ombudsman.hr\/hr\/download\/vjesce-o-pravu-na-zdrav-zivot-i-klimatskim-promjenama-u-republici-hrvatskoj-2013-2020-u-kontekstu-globalnog-pokreta-za-klimu-i-pandemije-covid-19\/?wpdmdl=10784&#038;refresh=624ea5a7d43451649321383\"><em>ovdje<\/em><\/a><em> (PDF)<\/em><\/li><\/ul>\n","protected":false},"excerpt":{"rendered":"<p>Devet od deset ljudi diljem svijeta udi\u0161e zaga\u0111eni zrak, a svake minute ih \u010dak 13 umre od raka plu\u0107a, bolesti srca i mo\u017edanih udara koji se s tim zaga\u0111enjem mogu povezati. Ove alarmantne podatke Svjetska zdravstvena organizacija objavila je povodom Svjetskog dana zdravlja (7. travnja), koji se obilje\u017eava uz slogan Na\u0161 planet, na\u0161e zdravlje. Tim [&hellip;]<\/p>\n","protected":false},"author":7,"featured_media":6457,"comment_status":"closed","ping_status":"closed","sticky":false,"template":"","format":"standard","meta":{"footnotes":""},"categories":[2090],"tags":[696,702,1985,1288],"class_list":["post-13547","post","type-post","status-publish","format-standard","has-post-thumbnail","hentry","category-novosti","tag-zastita-okolisa","tag-zdravlje","tag-pravo-na-zdrav-zivot","tag-zastita-i-promocija-ljudskih-prava"],"_links":{"self":[{"href":"https:\/\/www.ombudsman.hr\/hr\/wp-json\/wp\/v2\/posts\/13547","targetHints":{"allow":["GET"]}}],"collection":[{"href":"https:\/\/www.ombudsman.hr\/hr\/wp-json\/wp\/v2\/posts"}],"about":[{"href":"https:\/\/www.ombudsman.hr\/hr\/wp-json\/wp\/v2\/types\/post"}],"author":[{"embeddable":true,"href":"https:\/\/www.ombudsman.hr\/hr\/wp-json\/wp\/v2\/users\/7"}],"replies":[{"embeddable":true,"href":"https:\/\/www.ombudsman.hr\/hr\/wp-json\/wp\/v2\/comments?post=13547"}],"version-history":[{"count":1,"href":"https:\/\/www.ombudsman.hr\/hr\/wp-json\/wp\/v2\/posts\/13547\/revisions"}],"predecessor-version":[{"id":13548,"href":"https:\/\/www.ombudsman.hr\/hr\/wp-json\/wp\/v2\/posts\/13547\/revisions\/13548"}],"wp:featuredmedia":[{"embeddable":true,"href":"https:\/\/www.ombudsman.hr\/hr\/wp-json\/wp\/v2\/media\/6457"}],"wp:attachment":[{"href":"https:\/\/www.ombudsman.hr\/hr\/wp-json\/wp\/v2\/media?parent=13547"}],"wp:term":[{"taxonomy":"category","embeddable":true,"href":"https:\/\/www.ombudsman.hr\/hr\/wp-json\/wp\/v2\/categories?post=13547"},{"taxonomy":"post_tag","embeddable":true,"href":"https:\/\/www.ombudsman.hr\/hr\/wp-json\/wp\/v2\/tags?post=13547"}],"curies":[{"name":"wp","href":"https:\/\/api.w.org\/{rel}","templated":true}]}}