{"id":13249,"date":"2022-03-02T10:07:08","date_gmt":"2022-03-02T08:07:08","guid":{"rendered":"https:\/\/www.ombudsman.hr\/hr\/?p=13249"},"modified":"2022-03-10T11:42:23","modified_gmt":"2022-03-10T09:42:23","slug":"tematska-sjednica-saborskog-antikorupcijskog-vijeca-o-zvizdacima","status":"publish","type":"post","link":"https:\/\/www.ombudsman.hr\/hr\/tematska-sjednica-saborskog-antikorupcijskog-vijeca-o-zvizdacima\/","title":{"rendered":"Tematska sjednica saborskog antikorupcijskog vije\u0107a o zvi\u017eda\u010dima"},"content":{"rendered":"<p><em>Svim zvi\u017eda\u010dima, izme\u0111u ostalog, potrebno je osigurati i besplatnu primarnu i sekundarnu pravnu, ali i psihosocijalnu pomo\u0107, \u0161to bi doprinijelo i njihovoj u\u010dinkovitijoj za\u0161titi.<\/em><\/p>\n<p>Nacionalno vije\u0107e za pra\u0107enje provedbe Strategije suzbijanja korupcije Hrvatskog sabora raspravljalo je 1. o\u017eujka 2022. na temu \u201ePolo\u017eaj prijavitelja nepravilnosti (zvi\u017eda\u010da) u Republici Hrvatskoj: ocjena stanja, izazovi i rje\u0161enja\u201d. Uz predsjednika i \u010dlanove Vije\u0107a, na njoj su sudjelovale i pu\u010dka pravobraniteljica Tena \u0160imonovi\u0107 Einwalter i zamjenica Dijana Kesonja, predstavnici Ministarstva pravosu\u0111a i uprave te zvi\u017eda\u010dice Maja \u0110erek i Adrijana Cvrtila.<\/p>\n<p>Tematska sjednica odr\u017eana je ususret saborske rasprave o Kona\u010dnom prijedlogu novog Zakona o za\u0161titi prijavitelja nepravilnosti, koja se o\u010dekuje u narednim tjednima.<\/p>\n<p>\u201eU demokratskim dru\u0161tvima zvi\u017eda\u010di su posebno va\u017eni jer se prijavljivanjem nepravilnosti suzbija korupcija kao ozbiljna i slo\u017eena dru\u0161tvena, politi\u010dka i ekonomska pojava koja negativno utje\u010de na vladavinu prava, demokratske procese u dru\u0161tvu i transparentnost rada institucija, kao i na povjerenje gra\u0111ana prema njima\u201c, poru\u010dila je pravobraniteljica \u0160imonovi\u0107 Einwalter.<\/p>\n<p>Trenutni postupak dono\u0161enja novog Zakona svakako je prilika da se donese \u0161to bolji zakonski okvir, na temelju dosada\u0161njeg iskustva prijavitelja nepravilnosti, kao i povjerljivih osoba te na\u0161e institucije kao tijela nadle\u017enog za vanjsko prijavljivanje nepravilnosti. Zbog toga je pravobraniteljica \u0160imonovi\u0107 Einwalter iznijela prijedloge, ve\u0107inom ve\u0107 iznesene u javnom savjetovanju o Nacrtu prijedloga Zakona, kao i tijekom daljnjeg parlamentarnog postupka na sjednicama vi\u0161e saborskih odbora.<\/p>\n<p>Pritom je kao novinu, u odnosu na Kona\u010dni prijedlog novog Zakona, naglasila potrebu olak\u0161avanja i pojednostavljivanja samog procesa unutarnjeg prijavljivanja nepravilnosti, kao i istaknula zna\u010daj uvida institucije pu\u010dke pravobraniteljice u sudsku praksu vezanu za ove predmete, poput onog u predmetima suzbijanja diskriminacije, \u0161to je klju\u010dno i za izradu analiza funkcioniranja Zakona u praksi.<\/p>\n<p>Dodatno je i ovim putem ponovila prijedloge da se svim zvi\u017eda\u010dima, bez obzira na imovinski cenzus, treba osigurati besplatna primarna i sekundarna pravna, kao i psihosocijalna pomo\u0107.<\/p>\n<p>\u201ePrijavitelji nepravilnosti moraju biti za\u0161ti\u0107eni od samog trenutka podno\u0161enja prijave, \u0161to zna\u010di da trebaju u\u017eivati za\u0161titu i podr\u0161ku sustava, kao i podr\u0161ku javnosti. Samo tako \u0107e se ja\u010dati gra\u0111anska hrabrost i kultura progovaranja protiv nepravilnosti te suzbiti percepcija da je bolje \u0161utjeti i \u201ene talasati\u201c, zaklju\u010dila je pravobraniteljica \u0160imonovi\u0107.<\/p>\n<p>Na kraju tematske sjednice Nacionalno vije\u0107e donijelo je i <a href=\"https:\/\/www.sabor.hr\/hr\/sjednice-nacionalnog-vijeca-za-pracenje-provedbe-strategije-suzbijanja-korupcije\">nekoliko zaklju\u010daka<\/a>, i to vezano za uspostavu pra\u0107enja sudske prakse u slu\u010dajevima primjene ovo Zakona, omogu\u0107avanje besplatne primarne i sekundarne pravne pomo\u0107i svim prijaviteljima bez obzira na njihov imovinski status, kao i osmi\u0161ljavanje modela sustavnog pra\u0107enja sudske prakse u ovom podru\u010dju i izvje\u0161tavanje na\u0161e institucije o njoj.<\/p>\n<p>Snimku sjednice mo\u017eete pogledati <a href=\"https:\/\/www.youtube.com\/watch?v=hFhAgwLrEpU\">ovdje<\/a>.<\/p>\n","protected":false},"excerpt":{"rendered":"<p>Svim zvi\u017eda\u010dima, izme\u0111u ostalog, potrebno je osigurati i besplatnu primarnu i sekundarnu pravnu, ali i psihosocijalnu pomo\u0107, \u0161to bi doprinijelo i njihovoj u\u010dinkovitijoj za\u0161titi. Nacionalno vije\u0107e za pra\u0107enje provedbe Strategije suzbijanja korupcije Hrvatskog sabora raspravljalo je 1. o\u017eujka 2022. na temu \u201ePolo\u017eaj prijavitelja nepravilnosti (zvi\u017eda\u010da) u Republici Hrvatskoj: ocjena stanja, izazovi i rje\u0161enja\u201d. Uz predsjednika [&hellip;]<\/p>\n","protected":false},"author":9,"featured_media":13250,"comment_status":"closed","ping_status":"closed","sticky":false,"template":"","format":"standard","meta":{"footnotes":""},"categories":[2090],"tags":[1898,1536,1899],"class_list":["post-13249","post","type-post","status-publish","format-standard","has-post-thumbnail","hentry","category-novosti","tag-prijavitelji-nepravilnosti-tzv-zvizdaci","tag-zastita-prijavitelja-nepravilnosti-zvizdaca","tag-zastita-zvizdaca"],"_links":{"self":[{"href":"https:\/\/www.ombudsman.hr\/hr\/wp-json\/wp\/v2\/posts\/13249","targetHints":{"allow":["GET"]}}],"collection":[{"href":"https:\/\/www.ombudsman.hr\/hr\/wp-json\/wp\/v2\/posts"}],"about":[{"href":"https:\/\/www.ombudsman.hr\/hr\/wp-json\/wp\/v2\/types\/post"}],"author":[{"embeddable":true,"href":"https:\/\/www.ombudsman.hr\/hr\/wp-json\/wp\/v2\/users\/9"}],"replies":[{"embeddable":true,"href":"https:\/\/www.ombudsman.hr\/hr\/wp-json\/wp\/v2\/comments?post=13249"}],"version-history":[{"count":2,"href":"https:\/\/www.ombudsman.hr\/hr\/wp-json\/wp\/v2\/posts\/13249\/revisions"}],"predecessor-version":[{"id":13252,"href":"https:\/\/www.ombudsman.hr\/hr\/wp-json\/wp\/v2\/posts\/13249\/revisions\/13252"}],"wp:featuredmedia":[{"embeddable":true,"href":"https:\/\/www.ombudsman.hr\/hr\/wp-json\/wp\/v2\/media\/13250"}],"wp:attachment":[{"href":"https:\/\/www.ombudsman.hr\/hr\/wp-json\/wp\/v2\/media?parent=13249"}],"wp:term":[{"taxonomy":"category","embeddable":true,"href":"https:\/\/www.ombudsman.hr\/hr\/wp-json\/wp\/v2\/categories?post=13249"},{"taxonomy":"post_tag","embeddable":true,"href":"https:\/\/www.ombudsman.hr\/hr\/wp-json\/wp\/v2\/tags?post=13249"}],"curies":[{"name":"wp","href":"https:\/\/api.w.org\/{rel}","templated":true}]}}