{"id":1304,"date":"2016-04-07T14:42:11","date_gmt":"2016-04-07T14:42:11","guid":{"rendered":"http:\/\/site.ombudsman.hr\/?p=1304"},"modified":"2019-07-02T12:15:46","modified_gmt":"2019-07-02T12:15:46","slug":"neprihvatljivi-uvjeti-zivota-i-svakodnevica-pracena-predrasudama-stvarnost-je-mnogih-roma-u-hrvatskoj","status":"publish","type":"post","link":"https:\/\/www.ombudsman.hr\/hr\/neprihvatljivi-uvjeti-zivota-i-svakodnevica-pracena-predrasudama-stvarnost-je-mnogih-roma-u-hrvatskoj\/","title":{"rendered":"Neprihvatljivi uvjeti \u017eivota i svakodnevica pra\u0107ena predrasudama stvarnost je mnogih Roma u Hrvatskoj"},"content":{"rendered":"<p>\u010cesto \u017eive u getoiziranim naseljima, izdvojeni od ve\u0107inskog stanovni&scaron;tva, marginalizirani, u riziku od siroma&scaron;tva, a polovica njihovih ku\u0107anstava nema priklju\u010dak na pitku vodu niti toalet. Sa\u017eetak je to svakodnevice mnogih Roma u Hrvatskoj, nacionalne manjine \u010dija se prava i dalje kr&scaron;e i koji su u znatnom broju \u017ertve diskriminacije. Ujedno su i najve\u0107a nacionalna manjina u EU, gdje ih \u017eivi otprilike 6 milijuna, u sli\u010dnim uvjetima kao i u Hrvatskoj &ndash; <a href=\"http:\/\/fra.europa.eu\/en\/theme\/roma\">u ekstremno lo&scaron;im uvjetima i socijalno isklju\u010deni<\/a>.<\/p>\n<p>  <!--more-->  <\/p>\n<p>Svjetski dan Roma, koji se na obljetnicu prvog Svjetskog romskog kongresa obilje\u017eava od 1990., za cilj ima ukazati na niz problema s kojima se suo\u010davaju Romi, kao i pridonijeti u borbi protiv predrasuda i stereotipa koji su prema njima usmjereni.<\/p>\n<\/p>\n<p>Iste ciljeve ima i pu\u010dka pravobraniteljica, koja redovito <a href=\"http:\/\/site.ombudsman.hr\/?p=1248\">predla\u017ee konkretne mjere<\/a> za njihovo ostvarenje, poput legalizacije bespravno izgra\u0111enih objekata u romskim naseljima te rje&scaron;avanja problema &#8216;pravno nevidljivih&#8217; osoba, me\u0111u kojima je mnogo pripadnika romske manjine.<\/p>\n<p>S te&scaron;kom situacijom i nu\u017enim pobolj&scaron;anjima Ured pu\u010dke pravobraniteljice upoznao se tijekom obilazaka vi&scaron;e od 20 romskih naselja u proteklih godinu dana, iz pritu\u017ebi gra\u0111ana i udruga te drugih va\u017enih izvora. Nepovoljan socioekonomski polo\u017eaj posljedica je siroma&scaron;tva, niskog stupnja obrazovanja, visokog stupnja nezaposlenosti, neodgovaraju\u0107ih uvjeta \u017eivota i stanovanja, lo&scaron;eg zdravstvenog stanja i izlo\u017eenosti diskriminaciji. Mnoga romska djeca ne idu u &scaron;kolu, a mnogi ju napu&scaron;taju prije vremena. Tako, primjerice, \u010detverogodi&scaron;nju srednju &scaron;kolu zavr&scaron;i tek svaki deseti Rom. Podatci govore i kako su pripadnici ove manjine lo&scaron;ijeg zdravstvenog stanja od ve\u0107inske populacije, a veliki broj ih nema zdravstveno osiguranje.<\/p>\n<p>Stav dru&scaron;tva prema romskoj manjini vidljiv je u <a href=\"http:\/\/site.ombudsman.hr\/?p=464\">istra\u017eivanju Ureda pu\u010dke pravobraniteljice iz 2012.<\/a>, u kojem su gra\u0111ani u znatnoj mjeri (27 posto) rekli kako misle da bi im zapo&scaron;ljavanje Roma ili Romkinje u trgovini ili kafi\u0107u odbilo mnoge klijente. U istom istra\u017eivanju ve\u0107ina gra\u0111ana je rekla da bi im, kad bi imali vlastitu tvrtku, bio problem zaposliti osobu romskog podrijetla.<\/p>\n<p>Neprihvatljivi uvjeti \u017eivota i stavovi dru&scaron;tva izazovi su na koje je mogu\u0107e uspje&scaron;no odgovoriti jedino sustavnim promjenama, a to je znatno ote\u017eano na\u010dinom na koji se u Hrvatskoj prati provo\u0111enje Nacionalne strategije za uklju\u010divanje Roma, na &scaron;to je pu\u010dka pravobraniteljica <a href=\"http:\/\/site.ombudsman.hr\/?p=1248\">ukazala i u Izvje&scaron;\u0107u za 2015. godinu<\/a>.<\/p>\n<p>&nbsp;<\/p>\n<p>&nbsp;<\/p>\n","protected":false},"excerpt":{"rendered":"<p>\u010cesto \u017eive u getoiziranim naseljima, izdvojeni od ve\u0107inskog stanovni&scaron;tva, marginalizirani, u riziku od siroma&scaron;tva, a polovica njihovih ku\u0107anstava nema priklju\u010dak na pitku vodu niti toalet. Sa\u017eetak je to svakodnevice mnogih Roma u Hrvatskoj, nacionalne manjine \u010dija se prava i dalje kr&scaron;e i koji su u znatnom broju \u017ertve diskriminacije. Ujedno su i najve\u0107a nacionalna manjina [&hellip;]<\/p>\n","protected":false},"author":1,"featured_media":1303,"comment_status":"open","ping_status":"open","sticky":false,"template":"","format":"standard","meta":{"footnotes":""},"categories":[2090],"tags":[432,572,629,1288],"class_list":["post-1304","post","type-post","status-publish","format-standard","has-post-thumbnail","hentry","category-novosti","tag-nacionalne-manjine","tag-romska-manjina","tag-suzbijanje-diskriminacije","tag-zastita-i-promocija-ljudskih-prava"],"_links":{"self":[{"href":"https:\/\/www.ombudsman.hr\/hr\/wp-json\/wp\/v2\/posts\/1304","targetHints":{"allow":["GET"]}}],"collection":[{"href":"https:\/\/www.ombudsman.hr\/hr\/wp-json\/wp\/v2\/posts"}],"about":[{"href":"https:\/\/www.ombudsman.hr\/hr\/wp-json\/wp\/v2\/types\/post"}],"author":[{"embeddable":true,"href":"https:\/\/www.ombudsman.hr\/hr\/wp-json\/wp\/v2\/users\/1"}],"replies":[{"embeddable":true,"href":"https:\/\/www.ombudsman.hr\/hr\/wp-json\/wp\/v2\/comments?post=1304"}],"version-history":[{"count":2,"href":"https:\/\/www.ombudsman.hr\/hr\/wp-json\/wp\/v2\/posts\/1304\/revisions"}],"predecessor-version":[{"id":5469,"href":"https:\/\/www.ombudsman.hr\/hr\/wp-json\/wp\/v2\/posts\/1304\/revisions\/5469"}],"wp:featuredmedia":[{"embeddable":true,"href":"https:\/\/www.ombudsman.hr\/hr\/wp-json\/wp\/v2\/media\/1303"}],"wp:attachment":[{"href":"https:\/\/www.ombudsman.hr\/hr\/wp-json\/wp\/v2\/media?parent=1304"}],"wp:term":[{"taxonomy":"category","embeddable":true,"href":"https:\/\/www.ombudsman.hr\/hr\/wp-json\/wp\/v2\/categories?post=1304"},{"taxonomy":"post_tag","embeddable":true,"href":"https:\/\/www.ombudsman.hr\/hr\/wp-json\/wp\/v2\/tags?post=1304"}],"curies":[{"name":"wp","href":"https:\/\/api.w.org\/{rel}","templated":true}]}}