{"id":12991,"date":"2021-12-11T15:57:53","date_gmt":"2021-12-11T13:57:53","guid":{"rendered":"https:\/\/www.ombudsman.hr\/hr\/?p=12991"},"modified":"2022-01-07T16:02:55","modified_gmt":"2022-01-07T14:02:55","slug":"sastanak-s-clanovima-savjeta-za-ljudska-prava-pucke-pravobraniteljice","status":"publish","type":"post","link":"https:\/\/www.ombudsman.hr\/hr\/sastanak-s-clanovima-savjeta-za-ljudska-prava-pucke-pravobraniteljice\/","title":{"rendered":"Sastanak s \u010dlanovima Savjeta za ljudska prava pu\u010dke pravobraniteljice"},"content":{"rendered":"<p>Pu\u010dka pravobraniteljica Tena \u0160imonovi\u0107 Einwalter odr\u017eala je 10.prosinca 2021. tre\u0107i ovogodi\u0161nji sastanak s \u010dlanovima Savjeta za ljudska prava \u2013 Sanjom Bari\u0107 s Pravnog fakultetu Sveu\u010dili\u0161ta u Rijeci, Antonijom Petri\u010du\u0161i\u0107 s Pravnog fakulteta u Zagrebu, Barbarom Vid s Hrvatske radiotelevizije, Milanom Mitrovi\u0107em iz Vije\u0107a romske nacionalne manjine Grada Slavonskog Broda, Stankom Pericom iz Isusova\u010dke slu\u017ebe za izbjeglice i Ivanom Novoselom iz Ku\u0107e ljudskih prava. Na sastanku, koji je iz epidemiolo\u0161kih razloga i ovoga puta organiziran online, sudjelovali su i zamjenici pu\u010dke pravobraniteljice Tatjana Vla\u0161i\u0107, Dijana Kesonja i Sa\u0161a Raji\u0107.<\/p>\n<p>Na samom po\u010detku sastanka, svi sudionici podsjetili su na ovogodi\u0161nje primjere suradnje izme\u0111u institucije i \u010dlanova Savjeta, poput organizacije javnih rasprava s Ku\u0107om ljudskih prava na temu vladavine prava, Univerzalnog periodi\u010dkog pregleda i za\u0161tite zvi\u017eda\u010da, zatim sudjelovanje na obilje\u017eavanju godi\u0161njice osnivanja udruge ZaPravo na Pravnom fakultetu u Zagrebu i susretu s izbjeglicama koji je organizirala Isusova\u010dka slu\u017eba za izbjeglice, kao i na zajedni\u010dko sudjelovanje s Milanom Mitrovi\u0107em na Forumu za ljudska prava koji u Be\u010du organizira Europska agencija za temeljna prava (FRA).<\/p>\n<p>\u010clanovi Savjeta tako\u0111er su podijelili svoje planove za idu\u0107u godinu i dali osvrt na klju\u010dne doga\u0111aje u kontekstu za\u0161tite ljudskih prava u pripremi godi\u0161njeg izvje\u0161\u0107a pu\u010dke pravobraniteljice Hrvatskom saboru, kao jedinstvenog institucionalnog alata koji, za razliku od slu\u017ebenih izvje\u0161\u0107a brojnih drugih institucija, nije zakonom propisan kao izvje\u0161\u0107e o radu, ve\u0107 o stanju ljudskih prava i sloboda i pojavama diskriminacije u Hrvatskoj.<\/p>\n<p>Savjet za ljudska prava savjetodavno je tijelo koje pu\u010dkoj pravobraniteljici predla\u017ee strate\u0161ke smjernice u podru\u010dju promicanja ljudskih prava i sloboda te unaprje\u0111uje suradnju institucije s civilnim dru\u0161tvom, akademskom zajednicom i medijima. Sastaje se najmanje dva puta godi\u0161nje, pri \u010demu raspravlja o dosada\u0161njem radu i predla\u017ee smjernice za ja\u010danje vidljivosti i prepoznatljivosti institucije.<\/p>\n<p>Savjet \u010dini osam \u010dlanova, i to po dva predstavnika organizacija civilnog dru\u0161tva, znanstvene zajednice, medija te nacionalnih manjina, koji su odabrani putem javnog poziva.<\/p>\n","protected":false},"excerpt":{"rendered":"<p>Pu\u010dka pravobraniteljica Tena \u0160imonovi\u0107 Einwalter odr\u017eala je 10.prosinca 2021. tre\u0107i ovogodi\u0161nji sastanak s \u010dlanovima Savjeta za ljudska prava \u2013 Sanjom Bari\u0107 s Pravnog fakultetu Sveu\u010dili\u0161ta u Rijeci, Antonijom Petri\u010du\u0161i\u0107 s Pravnog fakulteta u Zagrebu, Barbarom Vid s Hrvatske radiotelevizije, Milanom Mitrovi\u0107em iz Vije\u0107a romske nacionalne manjine Grada Slavonskog Broda, Stankom Pericom iz Isusova\u010dke slu\u017ebe za [&hellip;]<\/p>\n","protected":false},"author":3,"featured_media":12992,"comment_status":"closed","ping_status":"closed","sticky":false,"template":"","format":"standard","meta":{"footnotes":""},"categories":[2090],"tags":[1095,1178],"class_list":["post-12991","post","type-post","status-publish","format-standard","has-post-thumbnail","hentry","category-novosti","tag-organizacije-civilnog-drustva","tag-savjet-za-ljudska-prava-pucke-pravobraniteljice"],"_links":{"self":[{"href":"https:\/\/www.ombudsman.hr\/hr\/wp-json\/wp\/v2\/posts\/12991","targetHints":{"allow":["GET"]}}],"collection":[{"href":"https:\/\/www.ombudsman.hr\/hr\/wp-json\/wp\/v2\/posts"}],"about":[{"href":"https:\/\/www.ombudsman.hr\/hr\/wp-json\/wp\/v2\/types\/post"}],"author":[{"embeddable":true,"href":"https:\/\/www.ombudsman.hr\/hr\/wp-json\/wp\/v2\/users\/3"}],"replies":[{"embeddable":true,"href":"https:\/\/www.ombudsman.hr\/hr\/wp-json\/wp\/v2\/comments?post=12991"}],"version-history":[{"count":2,"href":"https:\/\/www.ombudsman.hr\/hr\/wp-json\/wp\/v2\/posts\/12991\/revisions"}],"predecessor-version":[{"id":12994,"href":"https:\/\/www.ombudsman.hr\/hr\/wp-json\/wp\/v2\/posts\/12991\/revisions\/12994"}],"wp:featuredmedia":[{"embeddable":true,"href":"https:\/\/www.ombudsman.hr\/hr\/wp-json\/wp\/v2\/media\/12992"}],"wp:attachment":[{"href":"https:\/\/www.ombudsman.hr\/hr\/wp-json\/wp\/v2\/media?parent=12991"}],"wp:term":[{"taxonomy":"category","embeddable":true,"href":"https:\/\/www.ombudsman.hr\/hr\/wp-json\/wp\/v2\/categories?post=12991"},{"taxonomy":"post_tag","embeddable":true,"href":"https:\/\/www.ombudsman.hr\/hr\/wp-json\/wp\/v2\/tags?post=12991"}],"curies":[{"name":"wp","href":"https:\/\/api.w.org\/{rel}","templated":true}]}}