{"id":12958,"date":"2021-12-28T10:02:53","date_gmt":"2021-12-28T08:02:53","guid":{"rendered":"https:\/\/www.ombudsman.hr\/hr\/?p=12958"},"modified":"2021-12-29T11:42:52","modified_gmt":"2021-12-29T09:42:52","slug":"godinu-dana-nakon-potresa-potrebna-brza-i-intenzivnija-obnova","status":"publish","type":"post","link":"https:\/\/www.ombudsman.hr\/hr\/godinu-dana-nakon-potresa-potrebna-brza-i-intenzivnija-obnova\/","title":{"rendered":"Godinu dana nakon potresa \u2013 potrebna br\u017ea i intenzivnija obnova"},"content":{"rendered":"<p><em>Reakcija dr\u017eave, svih razina vlasti, kao i svih institucija na potres pitanje je za\u0161tite ljudskih prava \u2013 prvenstveno prava na dom odnosno na dostojno stanovanje, ali i na sigurnost, na zdravstvenu za\u0161titu, na rad, na vodu, i drugih<\/em><em>, \u010demu svjedo\u010dimo posljednjih godinu dana.<\/em><\/p>\n<p>Dva katastrofalna potresa, prvi magnitude 5 stupnjeva po Richteru ujutro 28. prosinca 2020. i drugi, vi\u0161estruko razorniji od 6,2 stupnjeva, u podne 29. prosinca 2020., prije to\u010dno godinu dana pogodili su podru\u010dje Sisa\u010dko-moslava\u010dke \u017eupanije. U samo nekoliko trenutaka mnogi gra\u0111ani ostali su bez svojih domova, a sedmero njih je, na\u017ealost, i smrtno stradalo.<\/p>\n<p>Ovi potresi, posebice u uvjetima epidemije, imali su i znatan utjecaj na ljudska prava &#8211; brojnim gra\u0111anima ograni\u010deno je pravo na obiteljski \u017eivot i dom odnosno dostojanstveno stanovanje, osobnu sigurnost, ali i pristup brojnim uslugama, dok su najte\u017ee pogo\u0111eni upravo oni koji su i prije potresa bili najranjiviji: stariji, samci, gra\u0111ani slabijeg imovnog stanja i obitelji s vi\u0161e djece.<\/p>\n<p>Godinu dana kasnije stanovnici Sisa\u010dko-moslava\u010dke \u017eupanije i dalje sna\u017eno osje\u0107aju njihove posljedice. Na\u017ealost, velik broj gra\u0111ana i dalje \u017eivi u o\u0161te\u0107enim ku\u0107ama i zgradama ili u privremenom smje\u0161taju u dvori\u0161tima ispred njih, dok se dio njih nije ni vratio u svoje domove, ve\u0107 \u017eive drugdje, uklju\u010duju\u0107i i u kontejnerskim naseljima i drugim oblicima zamjenskog smje\u0161taja. Jo\u0161 uvijek se \u010deka br\u017ea i sveobuhvatnija obnova. Pri tome, gra\u0111ani \u010desto nemaju informacije o tome koja su njihova prava u procesu obnove i kako ih ostvariti. Posebno je alarmantan podatak iz istra\u017eivanja o potrebama osoba smje\u0161tenih u kontejnerska naselja da ve\u0107ina njih ne samo izra\u017eava sumnju u brzu obnovu, ve\u0107 predvi\u0111aju da \u0107e u kontejnerima \u017eivjeti od 6 do 10 godina, a neki i da \u0107e umrijeti ne do\u010dekav\u0161i obnovu svojih domova.<\/p>\n<p>Razorni potresi dodatno su naglasili i probleme od prije, primjerice, siroma\u0161tvo, mahom starijih osoba, koje uglavnom \u017eive same, zatim nezaposlenost, neodgovaraju\u0107i javni prijevoz \u0161to dodatno ote\u017eava dostupnost zdravstvene i socijalne za\u0161tite, obrazovanja i dr. Stoga \u00a0je obnovi nu\u017eno pristupiti sustavno i sveobuhvatno i potrebno ju je iskoristiti ne samo za materijalnu, ve\u0107 i dru\u0161tvenu i gospodarsku revitalizaciju ovog podru\u010dja. Gra\u0111anima koji \u017eive na pogo\u0111enom podru\u010dju i jo\u0161 uvijek sna\u017eno osje\u0107aju posljedice potresa potrebno je \u0161to prije i u \u0161to je ve\u0107oj mjeri mogu\u0107e omogu\u0107iti po\u0161tivanje svih njihovih prava \u2013 ispunjenje trenutnih \u017eivotnih potreba, a osobito br\u017eom i intenzivnijom obnovom prava na dostojanstveno stanovanje.<\/p>\n","protected":false},"excerpt":{"rendered":"<p>Reakcija dr\u017eave, svih razina vlasti, kao i svih institucija na potres pitanje je za\u0161tite ljudskih prava \u2013 prvenstveno prava na dom odnosno na dostojno stanovanje, ali i na sigurnost, na zdravstvenu za\u0161titu, na rad, na vodu, i drugih, \u010demu svjedo\u010dimo posljednjih godinu dana. Dva katastrofalna potresa, prvi magnitude 5 stupnjeva po Richteru ujutro 28. prosinca [&hellip;]<\/p>\n","protected":false},"author":9,"featured_media":10985,"comment_status":"closed","ping_status":"closed","sticky":false,"template":"","format":"standard","meta":{"footnotes":""},"categories":[2090],"tags":[605,1946,1945,1288],"class_list":["post-12958","post","type-post","status-publish","format-standard","has-post-thumbnail","hentry","category-novosti","tag-stanovanje","tag-obnova","tag-potres","tag-zastita-i-promocija-ljudskih-prava"],"_links":{"self":[{"href":"https:\/\/www.ombudsman.hr\/hr\/wp-json\/wp\/v2\/posts\/12958","targetHints":{"allow":["GET"]}}],"collection":[{"href":"https:\/\/www.ombudsman.hr\/hr\/wp-json\/wp\/v2\/posts"}],"about":[{"href":"https:\/\/www.ombudsman.hr\/hr\/wp-json\/wp\/v2\/types\/post"}],"author":[{"embeddable":true,"href":"https:\/\/www.ombudsman.hr\/hr\/wp-json\/wp\/v2\/users\/9"}],"replies":[{"embeddable":true,"href":"https:\/\/www.ombudsman.hr\/hr\/wp-json\/wp\/v2\/comments?post=12958"}],"version-history":[{"count":4,"href":"https:\/\/www.ombudsman.hr\/hr\/wp-json\/wp\/v2\/posts\/12958\/revisions"}],"predecessor-version":[{"id":12971,"href":"https:\/\/www.ombudsman.hr\/hr\/wp-json\/wp\/v2\/posts\/12958\/revisions\/12971"}],"wp:featuredmedia":[{"embeddable":true,"href":"https:\/\/www.ombudsman.hr\/hr\/wp-json\/wp\/v2\/media\/10985"}],"wp:attachment":[{"href":"https:\/\/www.ombudsman.hr\/hr\/wp-json\/wp\/v2\/media?parent=12958"}],"wp:term":[{"taxonomy":"category","embeddable":true,"href":"https:\/\/www.ombudsman.hr\/hr\/wp-json\/wp\/v2\/categories?post=12958"},{"taxonomy":"post_tag","embeddable":true,"href":"https:\/\/www.ombudsman.hr\/hr\/wp-json\/wp\/v2\/tags?post=12958"}],"curies":[{"name":"wp","href":"https:\/\/api.w.org\/{rel}","templated":true}]}}