{"id":12503,"date":"2021-09-22T09:03:49","date_gmt":"2021-09-22T07:03:49","guid":{"rendered":"https:\/\/www.ombudsman.hr\/hr\/?p=12503"},"modified":"2021-09-27T09:14:56","modified_gmt":"2021-09-27T07:14:56","slug":"sastanak-na-visokoj-razini-s-povjerenicom-europske-komisije-za-jednakost","status":"publish","type":"post","link":"https:\/\/www.ombudsman.hr\/hr\/sastanak-na-visokoj-razini-s-povjerenicom-europske-komisije-za-jednakost\/","title":{"rendered":"Sastanak na visokoj razini s povjerenicom Europske komisije za jednakost"},"content":{"rendered":"<p><em>Sna\u017ena i neovisna tijela za jednakost klju\u010dna su za suzbijanje diskriminacije u Europi, pri \u010demu je iznimno va\u017ena podr\u0161ka Europske komisije.<\/em><\/p>\n<p>Pu\u010dka pravobraniteljica Tena \u0160imonovi\u0107 Einwalter, kao predsjedavaju\u0107a Europske mre\u017ee tijela za jednakost (Equinet), sastala se 21. rujna 2021. s povjerenicom Europske komisije za jednakost Helenom Dalli.<\/p>\n<p>Glavna tema razgovora bio je napredak u pripremi europskog zakonskog okvira koji bi postavio standarde za rad tijela za jednakost, odnosno minimalne zajedni\u010dke kriterije koji bi bili obavezni u svim dr\u017eavama \u010dlanicama Europske unije. Bit \u0107e to posljednji korak na putu prema ujedna\u010davanju standarda u EU, nakon \u0161to je <a href=\"https:\/\/www.ombudsman.hr\/hr\/preporuka-europske-komisije-o-neovisnosti-i-ucinkovitosti-tijela-za-jednakost\/\">Europska komisija 2018. usvojila Preporuku o standardima tijela za jednakost<\/a>.<\/p>\n<blockquote class=\"twitter-tweet\">\n<p dir=\"ltr\" lang=\"und\">Puno zajedni\u010dkih<br \/>\ntema, ali jedan cilj &#8211; <a href=\"https:\/\/twitter.com\/hashtag\/jednakost?src=hash&#038;ref_src=twsrc%5Etfw\">#jednakost<\/a><br \/>\nu EU.<\/p>\n<p>Pu\u010dka pravobraniteljica, predsj. <a href=\"https:\/\/twitter.com\/equineteurope?ref_src=twsrc%5Etfw\">@equineteurope<\/a><br \/>\nTena \u0160imonovi\u0107 Einwalter sastala se s povjerenicom <a href=\"https:\/\/twitter.com\/EU_Commission?ref_src=twsrc%5Etfw\">@EU_Commission<\/a><br \/>\nza jednakost <a href=\"https:\/\/twitter.com\/helenadalli?ref_src=twsrc%5Etfw\">@helenadalli<\/a><br \/>\n<a href=\"https:\/\/t.co\/GFwUYfAHrD\">https:\/\/t.co\/GFwUYfAHrD<\/a><\/p>\n<p>\u2014<br \/>\nPravobraniteljica (@OmbudsmanHR) <a href=\"https:\/\/twitter.com\/OmbudsmanHR\/status\/1440401127564996612?ref_src=twsrc%5Etfw\">September<br \/>\n21, 2021<\/a><\/p><\/blockquote>\n<p><script async src=\"https:\/\/platform.twitter.com\/widgets.js\" charset=\"utf-8\"><\/script><\/p>\n<p>Tijela za jednakost mogu dati zna\u010dajan doprinos borbi za jednakost u svojim zemljama, a time i u EU, ali da bi ispunili svoj potencijal i bili u\u010dinkovita podr\u0161ka donositeljima odluka i ostalim dionicima, va\u017eno je da imaju sna\u017ean mandat, neovisnost, dovoljne resurse i u\u010dinkovitu institucionalnu strukturu. Ovaj cilj Equinet i tijela za jednakost diljem Europe sna\u017eno zagovaraju ve\u0107 niz godina, uklju\u010duju\u0107i i pravobraniteljicu \u0160imonovi\u0107 Einwalter, kao stru\u010dnjakinju koja je do sada bila uklju\u010dena u klju\u010dne korake razvoja standarda za nacionalna tijela za jednakost, kako u kontekstu EU, tako i Vije\u0107a Europe.<\/p>\n<p>U Hrvatskoj je od 2009. na snazi Zakon o suzbijanju diskriminacije koji zabranjuje diskriminaciju u svim podru\u010djima \u017eivota temeljem 17 osnova, kojim je institucija pu\u010dke pravobraniteljice postala sredi\u0161nje tijelo nadle\u017eno za suzbijanje diskriminacije odnosno tzv. tijelo za jednakost (eng. <em>equality body<\/em>). Ukoliko smatrate da ste i sami \u017ertva diskriminacije, to nam mo\u017eete prijaviti slanjem pritu\u017ebe, a detaljnije upute <a href=\"https:\/\/www.ombudsman.hr\/hr\/kako-podnijeti-prituzbu\/\">mo\u017eete prona\u0107i ovdje<\/a>.<\/p>\n","protected":false},"excerpt":{"rendered":"<p>Sna\u017ena i neovisna tijela za jednakost klju\u010dna su za suzbijanje diskriminacije u Europi, pri \u010demu je iznimno va\u017ena podr\u0161ka Europske komisije. Pu\u010dka pravobraniteljica Tena \u0160imonovi\u0107 Einwalter, kao predsjedavaju\u0107a Europske mre\u017ee tijela za jednakost (Equinet), sastala se 21. rujna 2021. s povjerenicom Europske komisije za jednakost Helenom Dalli. Glavna tema razgovora bio je napredak u pripremi [&hellip;]<\/p>\n","protected":false},"author":3,"featured_media":12510,"comment_status":"closed","ping_status":"closed","sticky":false,"template":"","format":"standard","meta":{"footnotes":""},"categories":[2090],"tags":[296,299,759,629,2005],"class_list":["post-12503","post","type-post","status-publish","format-standard","has-post-thumbnail","hentry","category-novosti","tag-equinet","tag-europska-komisija","tag-medunarodna-suradnja","tag-suzbijanje-diskriminacije","tag-helena-dalli"],"_links":{"self":[{"href":"https:\/\/www.ombudsman.hr\/hr\/wp-json\/wp\/v2\/posts\/12503","targetHints":{"allow":["GET"]}}],"collection":[{"href":"https:\/\/www.ombudsman.hr\/hr\/wp-json\/wp\/v2\/posts"}],"about":[{"href":"https:\/\/www.ombudsman.hr\/hr\/wp-json\/wp\/v2\/types\/post"}],"author":[{"embeddable":true,"href":"https:\/\/www.ombudsman.hr\/hr\/wp-json\/wp\/v2\/users\/3"}],"replies":[{"embeddable":true,"href":"https:\/\/www.ombudsman.hr\/hr\/wp-json\/wp\/v2\/comments?post=12503"}],"version-history":[{"count":4,"href":"https:\/\/www.ombudsman.hr\/hr\/wp-json\/wp\/v2\/posts\/12503\/revisions"}],"predecessor-version":[{"id":12506,"href":"https:\/\/www.ombudsman.hr\/hr\/wp-json\/wp\/v2\/posts\/12503\/revisions\/12506"}],"wp:featuredmedia":[{"embeddable":true,"href":"https:\/\/www.ombudsman.hr\/hr\/wp-json\/wp\/v2\/media\/12510"}],"wp:attachment":[{"href":"https:\/\/www.ombudsman.hr\/hr\/wp-json\/wp\/v2\/media?parent=12503"}],"wp:term":[{"taxonomy":"category","embeddable":true,"href":"https:\/\/www.ombudsman.hr\/hr\/wp-json\/wp\/v2\/categories?post=12503"},{"taxonomy":"post_tag","embeddable":true,"href":"https:\/\/www.ombudsman.hr\/hr\/wp-json\/wp\/v2\/tags?post=12503"}],"curies":[{"name":"wp","href":"https:\/\/api.w.org\/{rel}","templated":true}]}}