{"id":12350,"date":"2021-08-26T13:55:31","date_gmt":"2021-08-26T11:55:31","guid":{"rendered":"https:\/\/www.ombudsman.hr\/hr\/?p=12350"},"modified":"2026-03-17T11:39:30","modified_gmt":"2026-03-17T09:39:30","slug":"svi-imamo-ulogu-u-borbi-protiv-prijetnji-i-govora-mrznje-na-internetu","status":"publish","type":"post","link":"https:\/\/www.ombudsman.hr\/hr\/svi-imamo-ulogu-u-borbi-protiv-prijetnji-i-govora-mrznje-na-internetu\/","title":{"rendered":"Svi imamo ulogu u borbi protiv prijetnji i govora mr\u017enje na internetu"},"content":{"rendered":"\r\n<p><em>Brojne <strong>poruke mr\u017enje i prijetnji<\/strong> na dru\u0161tvenim mre\u017eama i portalima, ispisane kao reakcija na rad novinarke Danke Derifaj, jo\u0161 su jednom upozorile da je potrebno zna\u010dajno podi\u0107i <strong>svijest o nedopustivosti i \u0161tetnosti<\/strong> takvog izra\u017eavanja &#8211; ali i njegovoj <strong>nezakonitosti i ka\u017enjivosti.<\/strong><\/em><\/p>\r\n\r\n\r\n\r\n<p>Poruke takvog sadr\u017eaja <strong>nespojive su sa slobodom izra\u017eavanja<\/strong> i najvi\u0161e ugro\u017eavaju osobe kojima su upu\u0107ene, no njihova koli\u010dina znak je \u201enormalizacije\u201c mr\u017enje u javnom prostoru, a posljedice tog trenda trpi \u010ditavo dru\u0161tvo.<\/p>\r\n\r\n\r\n\r\n<p>Pu\u010dka pravobraniteljica Tena \u0160imonovi\u0107 Einwalter zato isti\u010de da je pozitivnu promjenu mogu\u0107e posti\u0107i samo ako svi koji na to mogu utjecati odgovorno pristupe svojoj ulozi. To\u010dnije, za suzbijanje govora mr\u017enje na internetu potrebno je ispuniti najmanje tri uvjeta.<\/p>\r\n\r\n\r\n\r\n<p>Prvi uvjet je <strong>da nadle\u017ena tijela reagiraju i u okviru svojih ovlasti postupaju<\/strong> <strong>u slu\u010dajevima govora mr\u017enje<\/strong>, pri \u010demu se <strong>prijetnje upu\u0107ene novinarima smatraju te\u017eim oblikom kaznenog djela prijetnje<\/strong>, za koje je predvi\u0111ena i stro\u017ea kazna. Kad su u pitanju prijetnje novinarki Derifaj, pravobraniteljica \u0107e pratiti postupanje Ministarstva unutarnjih poslova, Dr\u017eavnog odvjetni\u0161tva i Vije\u0107a za elektroni\u010dke medije u ovom slu\u010daju.<\/p>\r\n\r\n\r\n\r\n<p>Drugi uvjet je <strong>da korisnici dru\u0161tvenih mre\u017ea i posjetitelji portala poka\u017eu osobnu odgovornost u komunikaciji<\/strong>. To prije svega zna\u010di suzdr\u017eavanje od pisanja neprihvatljivih poruka &#8211; oni koji ih pi\u0161u moraju znati da nije to\u010dno da se na dru\u0161tvenim mre\u017eama smije ba\u0161 sve, da postoji prekr\u0161ajna ili kaznena odgovornost za ono \u0161to napi\u0161u. Ali va\u017eno je i da svi koji na takve poruke nai\u0111u, nedopu\u0161teni sadr\u017eaj prijave.<\/p>\r\n\r\n\r\n\r\n<p>Tre\u0107i uvjet je <strong>da mediji i admistratori profila na dru\u0161tvenim mre\u017eama pravovremeno uklanjaju sve neprihvatljive poruke<\/strong>. Na\u017ealost, velika ve\u0107ina nedopustivih poruka novinarki Derifaj vi\u0161e je dana bila vidljiva svim korisnicima. Iako je pozitivna reakcija uredni\u0161tva \u010dasopisa Glorija koje je zauzelo jasan stav o neprihvatljivosti takve komunikacije i radi njezinog otklanjanja uklonilo cijeli intervju, va\u017eno je ovu opciju koristiti samo kada nije mogu\u0107e na drugi na\u010din ukloniti nezakonite komentare. \u010cesto uklanjanje informacija koje dovode do nedopustivih reakcija mo\u017ee obeshrabriti slobodno izra\u017eavanje, a time i utjecati na slobodu medija i pravo gra\u0111ana da primaju informacije.<\/p>\r\n\r\n\r\n\r\n<p>Dugogodi\u0161nji problem mrzila\u010dkih komentara, barem kad su u pitanju portali, stvara velika o\u010dekivanja od prijedloga novog Zakona o elektroni\u010dkim medijima, koji predvi\u0111a pravnu odgovornost za komentatore, ali i medije koji propuste prije komentiranja identificirati korisnike. Ako Hrvatski sabor usvoji Zakon u predlo\u017eenom obliku, klju\u010dno \u0107e biti osigurati njegovu provedbu i pratiti utjecaj na sadr\u017eaj komunikacije na internetu.\u00a0<\/p>\r\n\r\n\r\n\r\n<p>Pri tome, dok prijedlog Zakona o elektroni\u010dkim medijima obe\u0107ava uvo\u0111enje reda u komentare na portalima, \u0161to je itekako dobrodo\u0161lo, on se ne\u0107e odnositi na dru\u0161tvene mre\u017ee. One u cijelom svijetu predstavljaju poseban izazov i tra\u017ee zajedni\u010dke napore u odgovaranju na njih, no pogre\u0161no je misliti da taj prostor u potpunosti ostaje \u201eizvan zakona\u201c. Korisnici ve\u0107 i sada mogu, pa i kazneno odgovarati za komentare na dru\u0161tvenim mre\u017eama, kada je rije\u010d o govoru mr\u017enje, odnosno kaznenom djelu javnog poticanja na nasilje i mr\u017enju, \u010dega \u010desto nisu svjesni. Va\u017ena je to informacija koja, da bi pomogla prevenciji govora mr\u017enje na internetu, mora \u010de\u0161\u0107e do\u0107i do \u0161ire javnosti, prvenstveno kroz jasne poruke donositelja odluka, kako onih iz izvr\u0161ne vlasti, tako i kroz sudske postupke. To se svakako odnosi i na situacije kada su mr\u017enji izlo\u017eeni novinari, \u0161to mo\u017ee imati \u0161iri utjecaj na slobodu medija.<\/p>\r\n\r\n\r\n\r\n<p>U kona\u010dnici, govor mr\u017enje i prijetnje poraz su svakog dru\u0161tva koje \u017eeli napredovati, a time i podizati kvalitetu \u017eivota svojih \u010dlanova. Jo\u0161 jedan je to u nizu razloga zbog kojeg je va\u017eno podsjetiti da svi imamo ulogu u prevenciji i suzbijanju takvog izra\u017eavanja, nespojivog s ljudskim pravima i slobodama.<\/p>\r\n","protected":false},"excerpt":{"rendered":"<p>Brojne poruke mr\u017enje i prijetnji na dru\u0161tvenim mre\u017eama i portalima, ispisane kao reakcija na rad novinarke Danke Derifaj, jo\u0161 su jednom upozorile da je potrebno zna\u010dajno podi\u0107i svijest o nedopustivosti i \u0161tetnosti takvog izra\u017eavanja &#8211; ali i njegovoj nezakonitosti i ka\u017enjivosti. Poruke takvog sadr\u017eaja nespojive su sa slobodom izra\u017eavanja i najvi\u0161e ugro\u017eavaju osobe kojima su [&hellip;]<\/p>\n","protected":false},"author":7,"featured_media":12351,"comment_status":"closed","ping_status":"closed","sticky":false,"template":"","format":"standard","meta":{"footnotes":""},"categories":[2090],"tags":[398,1829,1924,1844,1288],"class_list":["post-12350","post","type-post","status-publish","format-standard","has-post-thumbnail","hentry","category-novosti","tag-mediji","tag-govor-mrznje","tag-novinari","tag-sloboda-izrazavanja","tag-zastita-i-promocija-ljudskih-prava"],"_links":{"self":[{"href":"https:\/\/www.ombudsman.hr\/hr\/wp-json\/wp\/v2\/posts\/12350","targetHints":{"allow":["GET"]}}],"collection":[{"href":"https:\/\/www.ombudsman.hr\/hr\/wp-json\/wp\/v2\/posts"}],"about":[{"href":"https:\/\/www.ombudsman.hr\/hr\/wp-json\/wp\/v2\/types\/post"}],"author":[{"embeddable":true,"href":"https:\/\/www.ombudsman.hr\/hr\/wp-json\/wp\/v2\/users\/7"}],"replies":[{"embeddable":true,"href":"https:\/\/www.ombudsman.hr\/hr\/wp-json\/wp\/v2\/comments?post=12350"}],"version-history":[{"count":4,"href":"https:\/\/www.ombudsman.hr\/hr\/wp-json\/wp\/v2\/posts\/12350\/revisions"}],"predecessor-version":[{"id":23066,"href":"https:\/\/www.ombudsman.hr\/hr\/wp-json\/wp\/v2\/posts\/12350\/revisions\/23066"}],"wp:featuredmedia":[{"embeddable":true,"href":"https:\/\/www.ombudsman.hr\/hr\/wp-json\/wp\/v2\/media\/12351"}],"wp:attachment":[{"href":"https:\/\/www.ombudsman.hr\/hr\/wp-json\/wp\/v2\/media?parent=12350"}],"wp:term":[{"taxonomy":"category","embeddable":true,"href":"https:\/\/www.ombudsman.hr\/hr\/wp-json\/wp\/v2\/categories?post=12350"},{"taxonomy":"post_tag","embeddable":true,"href":"https:\/\/www.ombudsman.hr\/hr\/wp-json\/wp\/v2\/tags?post=12350"}],"curies":[{"name":"wp","href":"https:\/\/api.w.org\/{rel}","templated":true}]}}