{"id":12164,"date":"2021-07-15T13:15:49","date_gmt":"2021-07-15T11:15:49","guid":{"rendered":"https:\/\/www.ombudsman.hr\/hr\/?p=12164"},"modified":"2021-07-15T16:24:40","modified_gmt":"2021-07-15T14:24:40","slug":"izabrani-novi-zamjenici-pucke-pravobraniteljice","status":"publish","type":"post","link":"https:\/\/www.ombudsman.hr\/hr\/izabrani-novi-zamjenici-pucke-pravobraniteljice\/","title":{"rendered":"Izabrani novi zamjenici pu\u010dke pravobraniteljice"},"content":{"rendered":"<p>Na plenarnoj sjednici odr\u017eanoj 15. srpnja 2021. Hrvatski sabor izabrao je Dijanu Kesonju, Sa\u0161u Raji\u0107a i Tatjanu Vla\u0161i\u0107 na du\u017enost zamjenika pu\u010dke pravobraniteljice u trajanju od osam godina.<\/p>\n<p><a href=\"https:\/\/www.ombudsman.hr\/hr\/zamjenice\/\">Dijana Kesonja<\/a> nakon zavr\u0161enog Pravnog fakulteta u Rijeci svoju karijeru zapo\u010dinje kao odvjetnica 2003. godine, a od 2014. radi kao savjetnica pu\u010dke pravobraniteljice za pravne poslove i strate\u0161ku litigaciju u Slu\u017ebi za suzbijanje diskriminacije u Podru\u010dnom uredu u Rijeci. U dosada\u0161njoj karijeri specijalizirala se u podru\u010dju suzbijanja diskriminacije, posebno u podru\u010dju rada i zapo\u0161ljavanja, za\u0161tite prijavitelja nepravilnosti te govora mr\u017enje.<\/p>\n<p><a href=\"https:\/\/www.ombudsman.hr\/hr\/zamjenice\/\">Sa\u0161a Raji\u0107<\/a> na du\u017enost zamjenika pu\u010dke pravobraniteljice dolazi s mjesta upravitelja Zatvorske bolnice u Zagrebu, a u vi\u0161e od 30 godina dugoj karijeri radio je na mnogim pozicijama unutar Ministarstva pravosu\u0111a i uprave, zatvorskog sustava, kao i sustava probacije i podr\u0161ke \u017ertvama i svjedocima. Diplomirao je i doktorirao na Edukacijsko-rehabilitacijskom fakultetu u Zagrebu, specijalizirav\u0161i se u podru\u010dju prevencije nasilja u zatvorskom sustavu.<\/p>\n<p><a href=\"https:\/\/www.ombudsman.hr\/hr\/zamjenice\/\">Tatjana Vla\u0161i\u0107<\/a> nakon zavr\u0161enog Filozofskog fakulteta u Zagrebu, karijeru u podru\u010dju ljudskih prava zapo\u010dinje 2008. kao savjetnica, a zatim i pomo\u0107nica ravnatelja u Uredu za ljudska prava i prava nacionalnih manjina Vlade RH, a od 2015. radi kao savjetnica u Uredu pu\u010dke pravobraniteljice gdje je vodila niz doma\u0107ih i me\u0111unarodnih projekata, istra\u017eivanja, edukacija, suradnji, kampanja i konferencija vezanih uz za\u0161titu ljudskih prava i suzbijanje diskriminacije.<\/p>\n<p>Prema <a href=\"http:\/\/ombudsman.hr\/propisi\/Zakon%20o%20PP.pdf\">Zakonu o pu\u010dkom pravobranitelju<\/a>, pu\u010dka pravobraniteljica ima najmanje tri zamjenika, a novi du\u017enosnici izabrani su na <a href=\"https:\/\/www.sabor.hr\/prijedlog-odluke-o-izboru-zamjenika-pucke-pravobraniteljice-predlagateljica-pucka-1?t=125597&#038;tid=209526\">prijedlog pu\u010dke pravobraniteljice<\/a> Hrvatskom saboru, i to na temelju <a href=\"https:\/\/narodne-novine.nn.hr\/clanci\/oglasi\/o8316263.html\">javnog poziva<\/a>.<\/p>\n","protected":false},"excerpt":{"rendered":"<p>Na plenarnoj sjednici odr\u017eanoj 15. srpnja 2021. Hrvatski sabor izabrao je Dijanu Kesonju, Sa\u0161u Raji\u0107a i Tatjanu Vla\u0161i\u0107 na du\u017enost zamjenika pu\u010dke pravobraniteljice u trajanju od osam godina. Dijana Kesonja nakon zavr\u0161enog Pravnog fakulteta u Rijeci svoju karijeru zapo\u010dinje kao odvjetnica 2003. godine, a od 2014. radi kao savjetnica pu\u010dke pravobraniteljice za pravne poslove i [&hellip;]<\/p>\n","protected":false},"author":9,"featured_media":12165,"comment_status":"closed","ping_status":"closed","sticky":false,"template":"","format":"standard","meta":{"footnotes":""},"categories":[2090],"tags":[],"class_list":["post-12164","post","type-post","status-publish","format-standard","has-post-thumbnail","hentry","category-novosti"],"_links":{"self":[{"href":"https:\/\/www.ombudsman.hr\/hr\/wp-json\/wp\/v2\/posts\/12164","targetHints":{"allow":["GET"]}}],"collection":[{"href":"https:\/\/www.ombudsman.hr\/hr\/wp-json\/wp\/v2\/posts"}],"about":[{"href":"https:\/\/www.ombudsman.hr\/hr\/wp-json\/wp\/v2\/types\/post"}],"author":[{"embeddable":true,"href":"https:\/\/www.ombudsman.hr\/hr\/wp-json\/wp\/v2\/users\/9"}],"replies":[{"embeddable":true,"href":"https:\/\/www.ombudsman.hr\/hr\/wp-json\/wp\/v2\/comments?post=12164"}],"version-history":[{"count":8,"href":"https:\/\/www.ombudsman.hr\/hr\/wp-json\/wp\/v2\/posts\/12164\/revisions"}],"predecessor-version":[{"id":12174,"href":"https:\/\/www.ombudsman.hr\/hr\/wp-json\/wp\/v2\/posts\/12164\/revisions\/12174"}],"wp:featuredmedia":[{"embeddable":true,"href":"https:\/\/www.ombudsman.hr\/hr\/wp-json\/wp\/v2\/media\/12165"}],"wp:attachment":[{"href":"https:\/\/www.ombudsman.hr\/hr\/wp-json\/wp\/v2\/media?parent=12164"}],"wp:term":[{"taxonomy":"category","embeddable":true,"href":"https:\/\/www.ombudsman.hr\/hr\/wp-json\/wp\/v2\/categories?post=12164"},{"taxonomy":"post_tag","embeddable":true,"href":"https:\/\/www.ombudsman.hr\/hr\/wp-json\/wp\/v2\/tags?post=12164"}],"curies":[{"name":"wp","href":"https:\/\/api.w.org\/{rel}","templated":true}]}}