{"id":1211,"date":"2015-10-07T15:04:22","date_gmt":"2015-10-07T15:04:22","guid":{"rendered":"http:\/\/site.ombudsman.hr\/?p=1211"},"modified":"2019-07-24T13:07:37","modified_gmt":"2019-07-24T13:07:37","slug":"promicanje-postovanja-i-razlicitosti-borba-protiv-netolerancije-i-mrznje","status":"publish","type":"post","link":"https:\/\/www.ombudsman.hr\/hr\/promicanje-postovanja-i-razlicitosti-borba-protiv-netolerancije-i-mrznje\/","title":{"rendered":"Promicanje po\u0161tovanja i razli\u010ditosti: Borba protiv netolerancije i mr\u017enje"},"content":{"rendered":"<p>Rasizam i ksenofobija, te s njima povezana netolerancija, vrlo su ra\u0161iren problem u Europskoj uniji, a dru\u0161tvena i politi\u010dka klima sve je tolerantnija prema ekstremizmu. Objavila je to Agencija za temeljna prava EU (FRA), <a href=\"http:\/\/fra.europa.eu\/sites\/default\/files\/fra_uploads\/fra-2015-paper-colloquium_en-0.pdf\">u dokumentu \u201ePromicanje po\u0161tovanje i razli\u010ditosti &#8211; Borba protiv netolerancije\u201c<\/a>, uz podsjetnik kako svi imamo temeljno pravo biti tretirani jednako i s po\u0161tovanjem te za\u0161ti\u0107eni od svih vrsta nasilja, bez obzira na etni\u010dku pripadnost, vjeru ili uvjerenje.<\/p>\n<p><!--more--><\/p>\n<p>&#8220;<em>Napadi kojima smo ove godine svjedo\u010dili u Francuskoj, Danskoj i drugdje u EU, dio su ozra\u010dja netrpeljivosti, protiv koje se moramo boriti svim raspolo\u017eivim snagama. Postoji mnogo pozitivnih inicijativa, ali u trenutnoj situaciji to nije dovoljno. EU i dr\u017eave \u010dlanice trebaju poduzeti hitne i odlu\u010dne korake u borbi protiv ekstremisti\u010dkih, ksenofobnih i antisemitskih diskursa i zlo\u010dina<\/em>&#8220;, rekao je vr\u0161itelj du\u017enosti direktora FRA Constantinos Manolopoulos.<\/p>\n<p>Najnoviji podaci objavljeni u dokumentu, dobiveni su u redovitom godi\u0161njem istra\u017eivanju FRA o antisemitizmu. U njemu je 21 posto ispitanika reklo kako su u posljednjih godinu dana bili fizi\u010dki napadnuti, ozbiljno uznemiravani ili vrije\u0111ani, a kao motiv napada\u010da navode upravo antisemitizam. U isto vrijeme, \u010dak 75% njih incident nije prijavilo policiji, jer smatraju kako se &#8216;ni\u0161ta ne bi dogodilo niti promijenilo&#8217;.<\/p>\n<p>FRA, Agencija zadu\u017eena za istra\u017eivanja o stanju temeljnih prava u EU, u isto vrijeme podsje\u0107a na problem nedostatka podataka o zlo\u010dinima iz mr\u017enje i o pojavama diskriminacije te na neujedna\u010dene na\u010dine njihovog prikupljanja u razli\u010ditim zemljama. Upravo zato, 2008. Agencija je provela istra\u017eivanje me\u0111u migrantima i pripadnicima manjina u svim tada\u0161njim dr\u017eavama \u010dlanicama EU. Ono je, izme\u0111u ostalog, pokazalo kako je 37 posto ispitanika do\u017eivjelo diskriminaciju u zadnjih 12 mjeseci, dok je njih 12 posto iskusilo rasizam. No, \u017ertve naj\u010de\u0161\u0107e ne tra\u017ee pomo\u0107, \u0161to potvr\u0111uje podatak kako \u010dak 80 posto ispitanika, koji su tijekom istra\u017eivanja rekli da su bili \u017ertve diskriminacije ili rasizma, incident nije prijavilo policiji.<\/p>\n<p>FRA upozorava i na problem rasizma u javnosti, posebno kada ga \u0161ire javne osobe, jer njihove izjave, putem medija i dru\u0161tvenih mre\u017ea, dose\u017eu daleko ve\u0107i broj ljudi te ih poti\u010du na daljnje \u0161irenje govora mr\u017enje. Podsje\u0107aju\u0107i kako sloboda izra\u017eavanja na internetu mo\u017ee otvoriti prostor za ekstremisti\u010dke i netolerantne sadr\u017eaje, FRA isti\u010de su i neke pozitivne pomake. Primjerice, sud u Francuskoj odlu\u010dio je da Twitter tu\u017eiteljima treba dati podatke o korisnicima te dru\u0161tvene mre\u017ee, ukoliko je antisemitizam bio dio sadr\u017eaja njihovih objava.<\/p>\n<p>Svi istaknuti problemi ozbiljno ugro\u017eavaju temeljne vrijednosti Europske unije, isti\u010de FRA, navode\u0107i konkretne mjere koje bi pojedine zemlje \u010dlanice trebale poduzeti u borbi protiv netolerancije i mr\u017enje. Me\u0111u njima su pojednostavljivanje prijavljivanja incidenata te osiguravanje u\u010dinkovitih i razmjernih kazni za po\u010dinitelje. Va\u017enim smatraju i unaprje\u0111enje suradnje svih nadle\u017enih tijela, s posebnim naglaskom na preventivno djelovanje, te preporu\u010duju razvijanje ciljanih medijskih kampanja o na\u010delima jednakosti, kao i borbu protiv rasizma i predrasuda u svakodnevnom \u017eivotu.<\/p>\n<p>&nbsp;<\/p>\n","protected":false},"excerpt":{"rendered":"<p>Rasizam i ksenofobija, te s njima povezana netolerancija, vrlo su ra\u0161iren problem u Europskoj uniji, a dru\u0161tvena i politi\u010dka klima sve je tolerantnija prema ekstremizmu. Objavila je to Agencija za temeljna prava EU (FRA), u dokumentu \u201ePromicanje po\u0161tovanje i razli\u010ditosti &#8211; Borba protiv netolerancije\u201c, uz podsjetnik kako svi imamo temeljno pravo biti tretirani jednako i [&hellip;]<\/p>\n","protected":false},"author":1,"featured_media":6363,"comment_status":"open","ping_status":"open","sticky":false,"template":"","format":"standard","meta":{"footnotes":""},"categories":[2090],"tags":[311,404,629],"class_list":["post-1211","post","type-post","status-publish","format-standard","has-post-thumbnail","hentry","category-novosti","tag-fra","tag-medunarodne-novosti","tag-suzbijanje-diskriminacije"],"_links":{"self":[{"href":"https:\/\/www.ombudsman.hr\/hr\/wp-json\/wp\/v2\/posts\/1211","targetHints":{"allow":["GET"]}}],"collection":[{"href":"https:\/\/www.ombudsman.hr\/hr\/wp-json\/wp\/v2\/posts"}],"about":[{"href":"https:\/\/www.ombudsman.hr\/hr\/wp-json\/wp\/v2\/types\/post"}],"author":[{"embeddable":true,"href":"https:\/\/www.ombudsman.hr\/hr\/wp-json\/wp\/v2\/users\/1"}],"replies":[{"embeddable":true,"href":"https:\/\/www.ombudsman.hr\/hr\/wp-json\/wp\/v2\/comments?post=1211"}],"version-history":[{"count":3,"href":"https:\/\/www.ombudsman.hr\/hr\/wp-json\/wp\/v2\/posts\/1211\/revisions"}],"predecessor-version":[{"id":6365,"href":"https:\/\/www.ombudsman.hr\/hr\/wp-json\/wp\/v2\/posts\/1211\/revisions\/6365"}],"wp:featuredmedia":[{"embeddable":true,"href":"https:\/\/www.ombudsman.hr\/hr\/wp-json\/wp\/v2\/media\/6363"}],"wp:attachment":[{"href":"https:\/\/www.ombudsman.hr\/hr\/wp-json\/wp\/v2\/media?parent=1211"}],"wp:term":[{"taxonomy":"category","embeddable":true,"href":"https:\/\/www.ombudsman.hr\/hr\/wp-json\/wp\/v2\/categories?post=1211"},{"taxonomy":"post_tag","embeddable":true,"href":"https:\/\/www.ombudsman.hr\/hr\/wp-json\/wp\/v2\/tags?post=1211"}],"curies":[{"name":"wp","href":"https:\/\/api.w.org\/{rel}","templated":true}]}}