{"id":1197,"date":"2015-07-23T09:18:52","date_gmt":"2015-07-23T09:18:52","guid":{"rendered":"http:\/\/site.ombudsman.hr\/?p=1197"},"modified":"2019-07-24T12:53:15","modified_gmt":"2019-07-24T12:53:15","slug":"osmi-posjet-poplavljenim-podrucjima-provjera-tijeka-obnove-u-gunji-i-rajevu-selu","status":"publish","type":"post","link":"https:\/\/www.ombudsman.hr\/hr\/osmi-posjet-poplavljenim-podrucjima-provjera-tijeka-obnove-u-gunji-i-rajevu-selu\/","title":{"rendered":"Osmi obilazak poplavljenih podru\u010dja \u2013 provjera tijeka obnove u Gunji i Rajevu Selu"},"content":{"rendered":"<p>Pu\u010dka pravobraniteljica nastavlja pratiti stanje ljudskih prava na podru\u010djima koje su u svibnju pro\u0161le godine pogodile katastrofalne poplave, u Vukovarsko-srijemskoj \u017eupaniji. Njezini savjetnici su u utorak 21.srpnja, po osmi put od katastrofe, obi\u0161li nastradala podru\u010dja. Ovoga puta, dan su proveli sa stanovnicima Gunje i Rajevog Sela.<\/p>\n<p><!--more--><\/p>\n<p>&nbsp;<\/p>\n<p>Cilj je bio provjeriti tijek obnove ku\u0107a na terenu, napredak rje\u0161avanja problema onih koji su u trenutku poplava bili podstanari te se nemaju kuda vratiti, kao i susreti s osobama koje su se obratile pu\u010dkoj pravobraniteljici zbog raznih prepreka u normalizaciji \u017eivotnih uvjeta. Tako je izme\u0111u ostalih, konkretne savjete o daljnjim koracima dobila gospo\u0111a koja se pravobraniteljici pritu\u017eila na izvo\u0111a\u010da radova na svojoj ku\u0107i, kao i gospodin kojeg nekoliko dana dijeli od useljenja u obnovljenu ku\u0107u, ali jo\u0161 uvijek u njoj nema namje\u0161taja.<\/p>\n<p>&nbsp;<\/p>\n<p style=\"text-align: center;\">\u00a0\u00a0\u00a0\u00a0\u00a0\u00a0\u00a0\u00a0\u00a0 <img fetchpriority=\"high\" decoding=\"async\" dir=\"ltr\" style=\"border: thin ridge #000000;\" title=\"Kontejnersko naselje u Rajevu Selu (Pade\u017e)\" src=\"images\/Kontejnersko_naselje_Rajevo_Selo_Pade.JPG\" alt=\"Kontejnersko naselje Rajevo Selo Pade\" width=\"200\" height=\"268\" \/><\/p>\n<p>&nbsp;<\/p>\n<p>Rad na sli\u010dnim problemima dio je aktivnosti pu\u010dke pravobraniteljice od samog po\u010detka poplava prije vi\u0161e od godinu dana, od prvog posjeta ovom podru\u010dju. Nakon niza otvorenih predmeta i terenskih obilazaka, Hrvatskom saboru i \u0161iroj javnosti po\u010detkom godine uputila je posebno Izvje\u0161\u0107e o ljudskim pravima u kontekstu katastrofe uzrokovane poplavom u Vukovarsko-srijemskoj \u017eupaniji. Situaciju \u0107e nastaviti i dalje pratiti te o svojim saznanjima informirati nadle\u017ena tijela i javnost.<\/p>\n<p><img decoding=\"async\" style=\"margin-right: auto; border: thin ridge #000000; display: block; margin-left: auto;\" src=\"images\/Gunja_tijek_obnove.JPG\" alt=\"Gunja tijek obnove\" width=\"200\" height=\"149\" \/><\/p>\n","protected":false},"excerpt":{"rendered":"<p>Pu\u010dka pravobraniteljica nastavlja pratiti stanje ljudskih prava na podru\u010djima koje su u svibnju pro\u0161le godine pogodile katastrofalne poplave, u Vukovarsko-srijemskoj \u017eupaniji. Njezini savjetnici su u utorak 21.srpnja, po osmi put od katastrofe, obi\u0161li nastradala podru\u010dja. Ovoga puta, dan su proveli sa stanovnicima Gunje i Rajevog Sela.<\/p>\n","protected":false},"author":1,"featured_media":6326,"comment_status":"open","ping_status":"open","sticky":false,"template":"","format":"standard","meta":{"footnotes":""},"categories":[2090],"tags":[494,1288],"class_list":["post-1197","post","type-post","status-publish","format-standard","has-post-thumbnail","hentry","category-novosti","tag-poplave","tag-zastita-i-promocija-ljudskih-prava"],"_links":{"self":[{"href":"https:\/\/www.ombudsman.hr\/hr\/wp-json\/wp\/v2\/posts\/1197","targetHints":{"allow":["GET"]}}],"collection":[{"href":"https:\/\/www.ombudsman.hr\/hr\/wp-json\/wp\/v2\/posts"}],"about":[{"href":"https:\/\/www.ombudsman.hr\/hr\/wp-json\/wp\/v2\/types\/post"}],"author":[{"embeddable":true,"href":"https:\/\/www.ombudsman.hr\/hr\/wp-json\/wp\/v2\/users\/1"}],"replies":[{"embeddable":true,"href":"https:\/\/www.ombudsman.hr\/hr\/wp-json\/wp\/v2\/comments?post=1197"}],"version-history":[{"count":1,"href":"https:\/\/www.ombudsman.hr\/hr\/wp-json\/wp\/v2\/posts\/1197\/revisions"}],"predecessor-version":[{"id":5356,"href":"https:\/\/www.ombudsman.hr\/hr\/wp-json\/wp\/v2\/posts\/1197\/revisions\/5356"}],"wp:featuredmedia":[{"embeddable":true,"href":"https:\/\/www.ombudsman.hr\/hr\/wp-json\/wp\/v2\/media\/6326"}],"wp:attachment":[{"href":"https:\/\/www.ombudsman.hr\/hr\/wp-json\/wp\/v2\/media?parent=1197"}],"wp:term":[{"taxonomy":"category","embeddable":true,"href":"https:\/\/www.ombudsman.hr\/hr\/wp-json\/wp\/v2\/categories?post=1197"},{"taxonomy":"post_tag","embeddable":true,"href":"https:\/\/www.ombudsman.hr\/hr\/wp-json\/wp\/v2\/tags?post=1197"}],"curies":[{"name":"wp","href":"https:\/\/api.w.org\/{rel}","templated":true}]}}